{"id":14562,"date":"2023-03-23T09:04:24","date_gmt":"2023-03-23T12:04:24","guid":{"rendered":"https:\/\/ufpr.br\/coleta-capes-2023-ano-base-2021-prazo-para-envio-prorrogado-para-ate-06-04-2023"},"modified":"2025-12-02T09:22:22","modified_gmt":"2025-12-02T12:22:22","slug":"coleta-capes-2023-ano-base-2021-prazo-para-envio-prorrogado-para-ate-06-04-2023","status":"publish","type":"post","link":"https:\/\/ufpr.br\/propg\/coleta-capes-2023-ano-base-2021-prazo-para-envio-prorrogado-para-ate-06-04-2023\/","title":{"rendered":"Coleta Capes 2023 (ano base 2021) \u2013 preenchimento e chancela dos dados pelo Programa prorrogado para at\u00e9 06\/04\/2023"},"content":{"rendered":"\n<div class=\"wp-block-columns is-layout-flex wp-container-core-columns-is-layout-9d6595d7 wp-block-columns-is-layout-flex\">\n<div class=\"wp-block-column is-layout-flow wp-block-column-is-layout-flow\" style=\"flex-basis:33.33%\">\n<figure class=\"wp-block-image size-full\"><img decoding=\"async\" src=\"https:\/\/ufpr.br\/propg\/wp-content\/uploads\/2023\/03\/coleta2.png\" alt=\"\" class=\"wp-image-36359\"\/><\/figure>\n<\/div>\n\n\n\n<div class=\"wp-block-column is-layout-flow wp-block-column-is-layout-flow\" style=\"flex-basis:66.66%\">\n<p>A Capes publicou a <a href=\"https:\/\/ufpr.br\/propg\/wp-content\/uploads\/2025\/10\/portaria-50_prorr-coleta-2021.pdf\" target=\"_blank\" rel=\"noreferrer noopener\">portaria n\u00b050\/2023<\/a> (em anexo), que altera os prazos para envio do Coleta Capes (ano base 2021). O prazo do ano base 2022 permanece o mesmo da portaria anterior.<\/p>\n\n\n\n<p>Veja aqui o <a href=\"https:\/\/ufpr.br\/propg\/wp-content\/uploads\/2025\/10\/oficio_circular_1939343.pdf\" target=\"_blank\" rel=\"noreferrer noopener\">Of\u00edcio Circular n\u00ba 12\/2023-DAV\/CAPES:Altera\u00e7\u00e3o da Portaria Capes n\u00ba 312\/2022 &#8211; Calend\u00e1rio do Coleta, ano base 2021<\/a><\/p>\n\n\n\n<p>Mais informa\u00e7\u00f5es em: <\/p>\n\n\n\n<figure class=\"wp-block-embed is-type-wp-embed is-provider-pr-reitoria-de-p-s-gradua-o wp-block-embed-pr-reitoria-de-p-s-gradua-o\"><div class=\"wp-block-embed__wrapper\">\n<blockquote class=\"wp-embedded-content\" data-secret=\"IChpbIPuJ9\"><a href=\"https:\/\/ufpr.br\/propg\/calendario-coleta-capes-2023-ano-base-2021-e-2022\/\">Calend\u00e1rio Coleta Capes 2023 (ano base 2021 e 2022)<\/a><\/blockquote><iframe loading=\"lazy\" class=\"wp-embedded-content\" sandbox=\"allow-scripts\" security=\"restricted\" style=\"position: absolute; visibility: hidden;\" title=\"&#8220;Calend\u00e1rio Coleta Capes 2023 (ano base 2021 e 2022)&#8221; &#8212; Pr\u00f3-Reitoria de P\u00f3s-Gradua\u00e7\u00e3o\" src=\"https:\/\/ufpr.br\/propg\/calendario-coleta-capes-2023-ano-base-2021-e-2022\/embed\/#?secret=WXEyquedGS#?secret=IChpbIPuJ9\" data-secret=\"IChpbIPuJ9\" width=\"500\" height=\"282\" frameborder=\"0\" marginwidth=\"0\" marginheight=\"0\" scrolling=\"no\"><\/iframe>\n<\/div><\/figure>\n<\/div>\n<\/div>\n\n\n\n<p><\/p>\n","protected":false},"excerpt":{"rendered":"<p>A Capes publicou a portaria n\u00b050\/2023 (em anexo), que altera os prazos para envio do Coleta Capes (ano base 2021). O prazo do ano base 2022 permanece o mesmo da portaria anterior. Veja aqui o Of\u00edcio Circular n\u00ba 12\/2023-DAV\/CAPES:Altera\u00e7\u00e3o da Portaria Capes n\u00ba 312\/2022 &#8211; Calend\u00e1rio do Coleta, ano base 2021 Mais informa\u00e7\u00f5es em:<\/p>\n","protected":false},"author":18,"featured_media":0,"comment_status":"open","ping_status":"open","sticky":false,"template":"","format":"standard","meta":{"footnotes":""},"categories":[386],"tags":[],"class_list":["post-14562","post","type-post","status-publish","format-standard","hentry","category-mestrado-e-doutorado"],"_links":{"self":[{"href":"https:\/\/ufpr.br\/propg\/wp-json\/wp\/v2\/posts\/14562","targetHints":{"allow":["GET"]}}],"collection":[{"href":"https:\/\/ufpr.br\/propg\/wp-json\/wp\/v2\/posts"}],"about":[{"href":"https:\/\/ufpr.br\/propg\/wp-json\/wp\/v2\/types\/post"}],"author":[{"embeddable":true,"href":"https:\/\/ufpr.br\/propg\/wp-json\/wp\/v2\/users\/18"}],"replies":[{"embeddable":true,"href":"https:\/\/ufpr.br\/propg\/wp-json\/wp\/v2\/comments?post=14562"}],"version-history":[{"count":8,"href":"https:\/\/ufpr.br\/propg\/wp-json\/wp\/v2\/posts\/14562\/revisions"}],"predecessor-version":[{"id":19145,"href":"https:\/\/ufpr.br\/propg\/wp-json\/wp\/v2\/posts\/14562\/revisions\/19145"}],"wp:attachment":[{"href":"https:\/\/ufpr.br\/propg\/wp-json\/wp\/v2\/media?parent=14562"}],"wp:term":[{"taxonomy":"category","embeddable":true,"href":"https:\/\/ufpr.br\/propg\/wp-json\/wp\/v2\/categories?post=14562"},{"taxonomy":"post_tag","embeddable":true,"href":"https:\/\/ufpr.br\/propg\/wp-json\/wp\/v2\/tags?post=14562"}],"curies":[{"name":"wp","href":"https:\/\/api.w.org\/{rel}","templated":true}]}}