{"id":14554,"date":"2019-06-07T09:52:50","date_gmt":"2019-06-07T12:52:50","guid":{"rendered":"https:\/\/ufpr.br\/cronograma-teste-de-suficiencia-em-lingua-estrangeira-moderna-2o-semestre-2019"},"modified":"2025-12-01T15:05:10","modified_gmt":"2025-12-01T18:05:10","slug":"cronograma-teste-de-suficiencia-em-lingua-estrangeira-moderna-2o-semestre-2019","status":"publish","type":"post","link":"https:\/\/ufpr.br\/propg\/cronograma-teste-de-suficiencia-em-lingua-estrangeira-moderna-2o-semestre-2019\/","title":{"rendered":"[Cronograma] Teste de Sufici\u00eancia em L\u00edngua Estrangeira Moderna (2\u00ba semestre\/2019)"},"content":{"rendered":"\n<p>Confira abaixo o cronograma do&nbsp;Teste de Sufici\u00eancia em L\u00edngua Estrangeira Moderna (TS-LEM) para o <strong>2\u00ba semestre de 2019<\/strong>, disponibilizado pelo N\u00facleo de Concursos (NC-UFPR).<\/p>\n\n\n\n<p>Ao N\u00facleo de Concursos NC-UFPR reserva-se a possibilidade de altera\u00e7\u00f5es no cronograma.<\/p>\n\n\n\n<p>Demais informa\u00e7\u00f5es ser\u00e3o divulgadas oportunamente no site do NC-UFPR (<a href=\"http:\/\/portal.nc.ufpr.br\" target=\"_blank\" rel=\"noreferrer noopener\">http:\/\/portal.nc.ufpr.br<\/a>).<\/p>\n\n\n<div class=\"wp-block-image\">\n<figure class=\"aligncenter size-full\"><img decoding=\"async\" src=\"https:\/\/ufpr.br\/propg\/wp-content\/uploads\/2019\/06\/sei-processo-1024x454-1.png\" alt=\"\" class=\"wp-image-31796\"\/><\/figure><\/div>\n\n\n<p><\/p>\n\n\n\n<p><a href=\"https:\/\/ufpr.br\/propg\/wp-content\/uploads\/2025\/10\/cronograma_teste_de_suficiencia___2__semestre.pdf\" target=\"_blank\" rel=\"noreferrer noopener\">Cronograma TS-LEM\/2019-2<\/a><\/p>\n\n\n\n<p>&nbsp;<\/p>\n\n\n\n<p>Edi\u00e7\u00e3o anterior (1\u00ba semeste\/2019), TS-LEM\/2019-1 Edital n\u00ba 43\/2019:\u00a0<a href=\"http:\/\/portal.nc.ufpr.br\/PortalNC\/Concurso?concurso=LEM2019-1\" target=\"_blank\" rel=\"noreferrer noopener\">http:\/\/portal.nc.ufpr.br\/PortalNC\/Concurso?concurso=LEM2019-1<\/a><\/p>\n","protected":false},"excerpt":{"rendered":"<p>Confira abaixo o cronograma do&nbsp;Teste de Sufici\u00eancia em L\u00edngua Estrangeira Moderna (TS-LEM) para o 2\u00ba semestre de 2019, disponibilizado pelo N\u00facleo de Concursos (NC-UFPR). Ao N\u00facleo de Concursos NC-UFPR reserva-se a possibilidade de altera\u00e7\u00f5es no cronograma. Demais informa\u00e7\u00f5es ser\u00e3o divulgadas oportunamente no site do NC-UFPR (http:\/\/portal.nc.ufpr.br). Cronograma TS-LEM\/2019-2 &nbsp; Edi\u00e7\u00e3o anterior (1\u00ba semeste\/2019), TS-LEM\/2019-1 Edital [&hellip;]<\/p>\n","protected":false},"author":18,"featured_media":0,"comment_status":"open","ping_status":"open","sticky":false,"template":"","format":"standard","meta":{"footnotes":""},"categories":[381,386],"tags":[],"class_list":["post-14554","post","type-post","status-publish","format-standard","hentry","category-editais-e-processos-seletivos","category-mestrado-e-doutorado"],"_links":{"self":[{"href":"https:\/\/ufpr.br\/propg\/wp-json\/wp\/v2\/posts\/14554","targetHints":{"allow":["GET"]}}],"collection":[{"href":"https:\/\/ufpr.br\/propg\/wp-json\/wp\/v2\/posts"}],"about":[{"href":"https:\/\/ufpr.br\/propg\/wp-json\/wp\/v2\/types\/post"}],"author":[{"embeddable":true,"href":"https:\/\/ufpr.br\/propg\/wp-json\/wp\/v2\/users\/18"}],"replies":[{"embeddable":true,"href":"https:\/\/ufpr.br\/propg\/wp-json\/wp\/v2\/comments?post=14554"}],"version-history":[{"count":5,"href":"https:\/\/ufpr.br\/propg\/wp-json\/wp\/v2\/posts\/14554\/revisions"}],"predecessor-version":[{"id":18605,"href":"https:\/\/ufpr.br\/propg\/wp-json\/wp\/v2\/posts\/14554\/revisions\/18605"}],"wp:attachment":[{"href":"https:\/\/ufpr.br\/propg\/wp-json\/wp\/v2\/media?parent=14554"}],"wp:term":[{"taxonomy":"category","embeddable":true,"href":"https:\/\/ufpr.br\/propg\/wp-json\/wp\/v2\/categories?post=14554"},{"taxonomy":"post_tag","embeddable":true,"href":"https:\/\/ufpr.br\/propg\/wp-json\/wp\/v2\/tags?post=14554"}],"curies":[{"name":"wp","href":"https:\/\/api.w.org\/{rel}","templated":true}]}}