{"id":14553,"date":"2019-06-05T14:16:02","date_gmt":"2019-06-05T17:16:02","guid":{"rendered":"https:\/\/ufpr.br\/processos-seletivos-mestrado-do-programa-de-pos-graduacao-em-saude-coletiva"},"modified":"2025-12-01T15:05:20","modified_gmt":"2025-12-01T18:05:20","slug":"processos-seletivos-mestrado-do-programa-de-pos-graduacao-em-saude-coletiva","status":"publish","type":"post","link":"https:\/\/ufpr.br\/propg\/processos-seletivos-mestrado-do-programa-de-pos-graduacao-em-saude-coletiva\/","title":{"rendered":"[Processo Seletivo] Mestrado do Programa de P\u00f3s-Gradua\u00e7\u00e3o em Sa\u00fade Coletiva"},"content":{"rendered":"\n<p>Est\u00e3o abertas as inscri\u00e7\u00f5es para sele\u00e7\u00e3o de novos alunos para o curso de Mestrado do Programa de P\u00f3s-Gradua\u00e7\u00e3o em Sa\u00fade Coletiva, turma 2019-2021.<\/p>\n\n\n\n<p>As inscri\u00e7\u00f5es est\u00e3o abertas at\u00e9 o\u00a0<strong>dia 07\/06\/2019.<\/strong><\/p>\n\n\n\n<p>Acesse o edital PPGSC-05-2019\u00a0:\u00a0<a href=\"https:\/\/www.prppg.ufpr.br\/site\/ppgsaudecoletiva\/pb\/\" target=\"_blank\" rel=\"noreferrer noopener\">https:\/\/www.prppg.ufpr.br\/site\/ppgsaudecoletiva\/pb\/<\/a><\/p>\n\n\n\n<p><\/p>\n","protected":false},"excerpt":{"rendered":"<p>Est\u00e3o abertas as inscri\u00e7\u00f5es para sele\u00e7\u00e3o de novos alunos para o curso de Mestrado do Programa de P\u00f3s-Gradua\u00e7\u00e3o em Sa\u00fade Coletiva, turma 2019-2021. As inscri\u00e7\u00f5es est\u00e3o abertas at\u00e9 o\u00a0dia 07\/06\/2019. Acesse o edital PPGSC-05-2019\u00a0:\u00a0https:\/\/www.prppg.ufpr.br\/site\/ppgsaudecoletiva\/pb\/<\/p>\n","protected":false},"author":18,"featured_media":0,"comment_status":"open","ping_status":"open","sticky":false,"template":"","format":"standard","meta":{"footnotes":""},"categories":[381,386],"tags":[],"class_list":["post-14553","post","type-post","status-publish","format-standard","hentry","category-editais-e-processos-seletivos","category-mestrado-e-doutorado"],"_links":{"self":[{"href":"https:\/\/ufpr.br\/propg\/wp-json\/wp\/v2\/posts\/14553","targetHints":{"allow":["GET"]}}],"collection":[{"href":"https:\/\/ufpr.br\/propg\/wp-json\/wp\/v2\/posts"}],"about":[{"href":"https:\/\/ufpr.br\/propg\/wp-json\/wp\/v2\/types\/post"}],"author":[{"embeddable":true,"href":"https:\/\/ufpr.br\/propg\/wp-json\/wp\/v2\/users\/18"}],"replies":[{"embeddable":true,"href":"https:\/\/ufpr.br\/propg\/wp-json\/wp\/v2\/comments?post=14553"}],"version-history":[{"count":6,"href":"https:\/\/ufpr.br\/propg\/wp-json\/wp\/v2\/posts\/14553\/revisions"}],"predecessor-version":[{"id":18608,"href":"https:\/\/ufpr.br\/propg\/wp-json\/wp\/v2\/posts\/14553\/revisions\/18608"}],"wp:attachment":[{"href":"https:\/\/ufpr.br\/propg\/wp-json\/wp\/v2\/media?parent=14553"}],"wp:term":[{"taxonomy":"category","embeddable":true,"href":"https:\/\/ufpr.br\/propg\/wp-json\/wp\/v2\/categories?post=14553"},{"taxonomy":"post_tag","embeddable":true,"href":"https:\/\/ufpr.br\/propg\/wp-json\/wp\/v2\/tags?post=14553"}],"curies":[{"name":"wp","href":"https:\/\/api.w.org\/{rel}","templated":true}]}}