{"id":14509,"date":"2019-05-16T11:50:48","date_gmt":"2019-05-16T14:50:48","guid":{"rendered":"https:\/\/ufpr.br\/11505-2"},"modified":"2025-12-01T15:02:19","modified_gmt":"2025-12-01T18:02:19","slug":"11505-2","status":"publish","type":"post","link":"https:\/\/ufpr.br\/propg\/11505-2\/","title":{"rendered":"[Edital 2019] Inser\u00e7\u00e3o de Alunos SICT"},"content":{"rendered":"\n<p>A Coordenadoria de Inicia\u00e7\u00e3o Cient\u00edfica e Integra\u00e7\u00e3o Acad\u00eamica informa que j\u00e1 \u00e9 poss\u00edvel realizar a inser\u00e7\u00e3o de alunos para o Edital 2019 \u2013 PICDTI \u2013 PRPPG\/UFPR.<\/p>\n\n\n\n<p>Informa ainda que n\u00e3o est\u00e1 dispon\u00edvel a informa\u00e7\u00e3o sobre a quantidade bolsas que ser\u00e3o distribu\u00eddas, n\u00famero este que depende da libera\u00e7\u00e3o pelas ag\u00eancias de fomento. N\u00e3o obstante, o pesquisador deve cadastrar o aluno.<\/p>\n\n\n\n<p>Como inserir aluno no Programa:<\/p>\n\n\n\n<p>A inser\u00e7\u00e3o de alunos ocorre somente via sistema:<br>a) Acessar&nbsp;https:\/\/www.prppg.ufpr.br\/sict;<br>b) Fazer login com CPF do orientador e senha;<br>c) No menu lateral esquerdo, ir em \u201cAlunos e planos\u201d<\/p>\n\n\n\n<div style=\"height:15px\" aria-hidden=\"true\" class=\"wp-block-spacer\"><\/div>\n\n\n\n<figure class=\"wp-block-image size-full\"><a href=\"https:\/\/ufpr.br\/propg\/wp-content\/uploads\/2019\/05\/insero-de-alunos.jpg\"><img decoding=\"async\" src=\"https:\/\/ufpr.br\/propg\/wp-content\/uploads\/2019\/05\/insero-de-alunos.jpg\" alt=\"\" class=\"wp-image-31690\" style=\"object-fit:cover\"\/><\/a><\/figure>\n\n\n\n<div style=\"height:15px\" aria-hidden=\"true\" class=\"wp-block-spacer\"><\/div>\n\n\n\n<ol class=\"wp-block-list\">\n<li>Selecionar o Edital que deseja inserir o aluno. Aten\u00e7\u00e3o neste momento. (Edital 2018 de&nbsp;01\/08\/2018&nbsp;a 31\/07\/2019. Edital 2019 de&nbsp;01\/08\/2019&nbsp;a 31\/07\/2020)<\/li>\n\n\n\n<li>Selecionar o PROJETO e o PROGRAMA&nbsp; no qual pretende inserir o aluno e clicar em \u201cAdicionar aluno e plano de trabalho\u201d<\/li>\n\n\n\n<li>Preencher o CPF do aluno na tela seguinte e clicar em \u201c+ Cadastrar\u201d;<\/li>\n\n\n\n<li>Preencher\/Conferir os dados do aluno e clicar em \u201cEnviar\u201d.<\/li>\n\n\n\n<li>Aparecer\u00e1 uma mensagem de que o upload e o cadastro foram feitos com sucesso.<\/li>\n<\/ol>\n\n\n\n<p>Caso n\u00e3o lembre ou n\u00e3o possua senha, consultar a quest\u00e3o 12 (da parte Perguntas frequentes de PROFESSORES);<\/p>\n\n\n\n<p>O professor e o aluno receber\u00e3o um e-mail de confirma\u00e7\u00e3o.<\/p>\n\n\n\n<p>Essa e outras d\u00favidas poder\u00e3o ser tiradas na p\u00e1gina de <a href=\"https:\/\/ufpr.br\/propg\/ict\/perguntas-frequentes\/\" target=\"_blank\" rel=\"noreferrer noopener\">PERGUNTAS FREQUENTES<\/a><\/p>\n\n\n\n<p>&nbsp;<\/p>\n","protected":false},"excerpt":{"rendered":"<p>A Coordenadoria de Inicia\u00e7\u00e3o Cient\u00edfica e Integra\u00e7\u00e3o Acad\u00eamica informa que j\u00e1 \u00e9 poss\u00edvel realizar a inser\u00e7\u00e3o de alunos para o Edital 2019 \u2013 PICDTI \u2013 PRPPG\/UFPR. Informa ainda que n\u00e3o est\u00e1 dispon\u00edvel a informa\u00e7\u00e3o sobre a quantidade bolsas que ser\u00e3o distribu\u00eddas, n\u00famero este que depende da libera\u00e7\u00e3o pelas ag\u00eancias de fomento. N\u00e3o obstante, o pesquisador [&hellip;]<\/p>\n","protected":false},"author":17,"featured_media":0,"comment_status":"open","ping_status":"open","sticky":false,"template":"","format":"standard","meta":{"footnotes":""},"categories":[384],"tags":[],"class_list":["post-14509","post","type-post","status-publish","format-standard","hentry","category-iniciacao-cientifica-e-tecnologica"],"_links":{"self":[{"href":"https:\/\/ufpr.br\/propg\/wp-json\/wp\/v2\/posts\/14509","targetHints":{"allow":["GET"]}}],"collection":[{"href":"https:\/\/ufpr.br\/propg\/wp-json\/wp\/v2\/posts"}],"about":[{"href":"https:\/\/ufpr.br\/propg\/wp-json\/wp\/v2\/types\/post"}],"author":[{"embeddable":true,"href":"https:\/\/ufpr.br\/propg\/wp-json\/wp\/v2\/users\/17"}],"replies":[{"embeddable":true,"href":"https:\/\/ufpr.br\/propg\/wp-json\/wp\/v2\/comments?post=14509"}],"version-history":[{"count":9,"href":"https:\/\/ufpr.br\/propg\/wp-json\/wp\/v2\/posts\/14509\/revisions"}],"predecessor-version":[{"id":18591,"href":"https:\/\/ufpr.br\/propg\/wp-json\/wp\/v2\/posts\/14509\/revisions\/18591"}],"wp:attachment":[{"href":"https:\/\/ufpr.br\/propg\/wp-json\/wp\/v2\/media?parent=14509"}],"wp:term":[{"taxonomy":"category","embeddable":true,"href":"https:\/\/ufpr.br\/propg\/wp-json\/wp\/v2\/categories?post=14509"},{"taxonomy":"post_tag","embeddable":true,"href":"https:\/\/ufpr.br\/propg\/wp-json\/wp\/v2\/tags?post=14509"}],"curies":[{"name":"wp","href":"https:\/\/api.w.org\/{rel}","templated":true}]}}