{"id":14507,"date":"2019-05-07T11:46:36","date_gmt":"2019-05-07T14:46:36","guid":{"rendered":"https:\/\/ufpr.br\/evento-smart-specialisation-a-experiencia-europeia-e-o-caso-de-valencia"},"modified":"2025-12-01T15:03:05","modified_gmt":"2025-12-01T18:03:05","slug":"evento-smart-specialisation-a-experiencia-europeia-e-o-caso-de-valencia","status":"publish","type":"post","link":"https:\/\/ufpr.br\/propg\/evento-smart-specialisation-a-experiencia-europeia-e-o-caso-de-valencia\/","title":{"rendered":"[Evento] Smart Specialisation: a experi\u00eancia europeia e o caso de Val\u00eancia"},"content":{"rendered":"\n<p>A Universidade Federal do Paran\u00e1 (UFPR) sedia no dia 14 de maio o workshop \u201cSmart Specialisation: a experi\u00eancia europeia e o caso de Val\u00eancia\u201d, das 8h30 \u00e0s 12h, no audit\u00f3rio do Centro de Ci\u00eancias Florestais da Madeira (Cifloma). O evento ter\u00e1 transmiss\u00e3o ao vivo\u00a0<a href=\"http:\/\/200.17.247.224\/palestra\/\" target=\"_blank\" rel=\"noopener\">neste link<\/a>\u00a0e ser\u00e1 ministrado por Roberto Parras Cort\u00e9s. O convite \u00e9 da Pr\u00f3-reitoria de Pesquisa e P\u00f3s-gradua\u00e7\u00e3o (PRPPG) da UFPR, do Governo do Estado do Paran\u00e1, da Associa\u00e7\u00e3o das Empresas Brasileiras de Tecnologia da Informa\u00e7\u00e3o (<a href=\"https:\/\/www.assespropr.org.br\/\" target=\"_blank\" rel=\"noopener\">Assespro-PR<\/a>) Paran\u00e1 e da Governan\u00e7a Estadual de Tecnologias da Informa\u00e7\u00e3o e da Comunica\u00e7\u00e3o.<\/p>\n\n\n\n<p>&nbsp;<\/p>\n\n\n\n<p><strong>AGENDA<\/strong><br>Workshop \u201cSmart Specialisation: a experi\u00eancia europeia e o caso de Val\u00eancia\u201d<br>Dia 14 de maio, das 8h30 \u00e0s 12h<br>Local: audit\u00f3rio do Centro de Ci\u00eancias Florestais da Madeira (Cifloma) da Universidade Federal do Paran\u00e1 (UFPR) \u2013 Av. Pref. Loth\u00e1rio Meissner, 3400, Jd. Bot\u00e2nico, Curitiba<br>Assista ao vivo: http:\/\/200.17.247.224\/palestra<\/p>\n\n\n\n<p>&nbsp;<\/p>\n\n\n\n<figure class=\"wp-block-image\"><img decoding=\"async\" src=\"https:\/\/www.prppg.ufpr.br\/site\/wp-content\/uploads\/2019\/05\/evento.jpg\" alt=\"\" class=\"wp-image-11260\"\/><\/figure>\n\n\n\n<p><\/p>\n","protected":false},"excerpt":{"rendered":"<p>A Universidade Federal do Paran\u00e1 (UFPR) sedia no dia 14 de maio o workshop \u201cSmart Specialisation: a experi\u00eancia europeia e o caso de Val\u00eancia\u201d, das 8h30 \u00e0s 12h, no audit\u00f3rio do Centro de Ci\u00eancias Florestais da Madeira (Cifloma). O evento ter\u00e1 transmiss\u00e3o ao vivo\u00a0neste link\u00a0e ser\u00e1 ministrado por Roberto Parras Cort\u00e9s. O convite \u00e9 da [&hellip;]<\/p>\n","protected":false},"author":16,"featured_media":0,"comment_status":"open","ping_status":"open","sticky":false,"template":"","format":"standard","meta":{"footnotes":""},"categories":[386],"tags":[],"class_list":["post-14507","post","type-post","status-publish","format-standard","hentry","category-mestrado-e-doutorado"],"_links":{"self":[{"href":"https:\/\/ufpr.br\/propg\/wp-json\/wp\/v2\/posts\/14507","targetHints":{"allow":["GET"]}}],"collection":[{"href":"https:\/\/ufpr.br\/propg\/wp-json\/wp\/v2\/posts"}],"about":[{"href":"https:\/\/ufpr.br\/propg\/wp-json\/wp\/v2\/types\/post"}],"author":[{"embeddable":true,"href":"https:\/\/ufpr.br\/propg\/wp-json\/wp\/v2\/users\/16"}],"replies":[{"embeddable":true,"href":"https:\/\/ufpr.br\/propg\/wp-json\/wp\/v2\/comments?post=14507"}],"version-history":[{"count":3,"href":"https:\/\/ufpr.br\/propg\/wp-json\/wp\/v2\/posts\/14507\/revisions"}],"predecessor-version":[{"id":18600,"href":"https:\/\/ufpr.br\/propg\/wp-json\/wp\/v2\/posts\/14507\/revisions\/18600"}],"wp:attachment":[{"href":"https:\/\/ufpr.br\/propg\/wp-json\/wp\/v2\/media?parent=14507"}],"wp:term":[{"taxonomy":"category","embeddable":true,"href":"https:\/\/ufpr.br\/propg\/wp-json\/wp\/v2\/categories?post=14507"},{"taxonomy":"post_tag","embeddable":true,"href":"https:\/\/ufpr.br\/propg\/wp-json\/wp\/v2\/tags?post=14507"}],"curies":[{"name":"wp","href":"https:\/\/api.w.org\/{rel}","templated":true}]}}