{"id":14389,"date":"2019-01-06T15:00:01","date_gmt":"2019-01-06T17:00:01","guid":{"rendered":"https:\/\/ufpr.br\/comunicado-sobre-processo-seletivo-01-2018-uba-prppg"},"modified":"2025-12-01T14:42:37","modified_gmt":"2025-12-01T17:42:37","slug":"comunicado-sobre-processo-seletivo-01-2018-uba-prppg","status":"publish","type":"post","link":"https:\/\/ufpr.br\/propg\/comunicado-sobre-processo-seletivo-01-2018-uba-prppg\/","title":{"rendered":"[P\u00d3S-DOC Funda\u00e7\u00e3o Arauc\u00e1ria] Novo Comunicado sobre Chamada 13\/2018 FA\/Capes &#8211; 06.02.19"},"content":{"rendered":"\n<p><span style=\"color: #000000;\">Nova atualiza\u00e7\u00e3o &#8211; 06\/02\/2019<\/span><\/p>\n\n\n\n<p>&nbsp;<\/p>\n\n\n\n<p><span style=\"color: #000000;\">Informamos que ontem (05\/02\/2018 \u2013 ter\u00e7a-feira) entramos em contato com a Funda\u00e7\u00e3o Arauc\u00e1ria e obtivemos a instru\u00e7\u00e3o de que <strong><span style=\"color: #ff0000;\">n\u00e3o h\u00e1 previs\u00e3o<\/span> de data para a publica\u00e7\u00e3o do resultado final (oficial) da Chamada P\u00fablica n.\u00ba 13\/2018 \u2013 FA\/CAPES<\/strong>, em virtude da posse da nova diretoria.<\/span><\/p>\n\n\n\n<p>&nbsp;<\/p>\n\n\n\n<p><span style=\"color: #000000;\">Sugerimos a todos que acompanhem as divulga\u00e7\u00f5es, via e-mail do PPG e site da PRPPG, para que os contemplados possam <strong><u>entregar na PRPPG\/CPGSS<\/u><\/strong> as documenta\u00e7\u00f5es e formul\u00e1rios constantes no edital para encaminharmos \u00e0 Funda\u00e7\u00e3o Arauc\u00e1ria.<\/span><\/p>\n\n\n\n<p><span style=\"color: #000000;\">Salientamos que faremos ampla divulga\u00e7\u00e3o aos PPGs via e-mail e site da PRPPG.<\/span><\/p>\n\n\n\n<p><span style=\"color: #000000;\">Consequentemente, o prazo de envio da documenta\u00e7\u00e3o para a implementa\u00e7\u00e3o das bolsas para os contemplados, ser\u00e1 mantido a partir da publica\u00e7\u00e3o do resultado.<\/span><\/p>\n\n\n\n<p><span style=\"color: #000000;\">Ressaltamos que esta data depende <strong>exclusivamente<\/strong> de publica\u00e7\u00e3o da Funda\u00e7\u00e3o Arauc\u00e1ria.<\/span><\/p>\n\n\n\n<p>&nbsp;<\/p>\n\n\n\n<p><span style=\"color: #000000;\">Curitiba, 06 de fevereiro de 2019.<\/span><\/p>\n\n\n\n<p>&nbsp;<\/p>\n\n\n\n<hr class=\"wp-block-separator has-alpha-channel-opacity\"\/>\n\n\n\n<p>&nbsp;<\/p>\n\n\n\n<p><span style=\"color: #000000;\"><strong><u>COMUNICADO<\/u><\/strong><strong>:<\/strong><\/span><\/p>\n\n\n\n<p><span style=\"color: #000000;\">A Funda\u00e7\u00e3o Arauc\u00e1ria informou, na data de hoje, que a divulga\u00e7\u00e3o do resultado da Chamada 13\/2018 FA\/Capes est\u00e1 prevista para o final de janeiro. Entretanto<strong>, a ag\u00eancia n\u00e3o deu uma data precisa para a divulga\u00e7\u00e3o final dos resultados nem da entrega de documenta\u00e7\u00e3o<\/strong>\u00a0(que, a princ\u00edpio, est\u00e1 prevista para o m\u00eas de fevereiro de 2019).<\/span><\/p>\n\n\n\n<p><span style=\"color: #000000;\">Cabe ressaltar que a PRPPG apenas comunica as datas determinadas pela Funda\u00e7\u00e3o Arauc\u00e1ria.<\/span><\/p>\n\n\n\n<p><span style=\"color: #000000;\">Leia o comunicado com todas as informa\u00e7\u00f5es no link abaixo:<\/span><\/p>\n\n\n\n<p><a href=\"https:\/\/ufpr.br\/propg\/wp-content\/uploads\/2025\/10\/comunicado-ppgs_18012019.pdf\" target=\"_blank\" rel=\"noreferrer noopener\">https:\/\/ufpr.br\/propg\/wp-content\/uploads\/2025\/10\/comunicado-ppgs_18012019.pdf<\/a><\/p>\n\n\n\n<p>&nbsp;<\/p>\n\n\n\n<p><span style=\"color: #000000;\">Curitiba, 18 de janeiro de 2019.<\/span><\/p>\n","protected":false},"excerpt":{"rendered":"<p>Nova atualiza\u00e7\u00e3o &#8211; 06\/02\/2019 &nbsp; Informamos que ontem (05\/02\/2018 \u2013 ter\u00e7a-feira) entramos em contato com a Funda\u00e7\u00e3o Arauc\u00e1ria e obtivemos a instru\u00e7\u00e3o de que n\u00e3o h\u00e1 previs\u00e3o de data para a publica\u00e7\u00e3o do resultado final (oficial) da Chamada P\u00fablica n.\u00ba 13\/2018 \u2013 FA\/CAPES, em virtude da posse da nova diretoria. &nbsp; Sugerimos a todos que [&hellip;]<\/p>\n","protected":false},"author":16,"featured_media":0,"comment_status":"open","ping_status":"open","sticky":false,"template":"","format":"standard","meta":{"footnotes":""},"categories":[386],"tags":[],"class_list":["post-14389","post","type-post","status-publish","format-standard","hentry","category-mestrado-e-doutorado"],"_links":{"self":[{"href":"https:\/\/ufpr.br\/propg\/wp-json\/wp\/v2\/posts\/14389","targetHints":{"allow":["GET"]}}],"collection":[{"href":"https:\/\/ufpr.br\/propg\/wp-json\/wp\/v2\/posts"}],"about":[{"href":"https:\/\/ufpr.br\/propg\/wp-json\/wp\/v2\/types\/post"}],"author":[{"embeddable":true,"href":"https:\/\/ufpr.br\/propg\/wp-json\/wp\/v2\/users\/16"}],"replies":[{"embeddable":true,"href":"https:\/\/ufpr.br\/propg\/wp-json\/wp\/v2\/comments?post=14389"}],"version-history":[{"count":3,"href":"https:\/\/ufpr.br\/propg\/wp-json\/wp\/v2\/posts\/14389\/revisions"}],"predecessor-version":[{"id":18542,"href":"https:\/\/ufpr.br\/propg\/wp-json\/wp\/v2\/posts\/14389\/revisions\/18542"}],"wp:attachment":[{"href":"https:\/\/ufpr.br\/propg\/wp-json\/wp\/v2\/media?parent=14389"}],"wp:term":[{"taxonomy":"category","embeddable":true,"href":"https:\/\/ufpr.br\/propg\/wp-json\/wp\/v2\/categories?post=14389"},{"taxonomy":"post_tag","embeddable":true,"href":"https:\/\/ufpr.br\/propg\/wp-json\/wp\/v2\/tags?post=14389"}],"curies":[{"name":"wp","href":"https:\/\/api.w.org\/{rel}","templated":true}]}}