{"id":14328,"date":"2023-02-27T10:07:51","date_gmt":"2023-02-27T13:07:51","guid":{"rendered":"https:\/\/ufpr.br\/processo-seletivo-especializacao-em-oftalmologia-turma-2023"},"modified":"2025-12-02T09:21:04","modified_gmt":"2025-12-02T12:21:04","slug":"processo-seletivo-especializacao-em-oftalmologia-turma-2023","status":"publish","type":"post","link":"https:\/\/ufpr.br\/propg\/processo-seletivo-especializacao-em-oftalmologia-turma-2023\/","title":{"rendered":"[Processo seletivo] Especializa\u00e7\u00e3o em Oftalmologia &#8211; Turma 2023"},"content":{"rendered":"\n<p>A Coordena\u00e7\u00e3o do Programa de Especializa\u00e7\u00e3o em Oftalmologia, do Departamento de Oftalmo-otorrinolaringologia, do Setor de Ci\u00eancias da Sa\u00fade da UFPR, no uso de suas atribui\u00e7\u00f5es, publica a sele\u00e7\u00e3o 2023. (link para o edital).<\/p>\n\n\n\n<p><a href=\"https:\/\/ufpr.br\/propg\/wp-content\/uploads\/2025\/10\/edital-especializacao-oftalmo.pdf\" target=\"_blank\" rel=\"noreferrer noopener\">EDITAL ESPECIALIZA\u00c7\u00c3O OFTALMO<\/a><\/p>\n\n\n\n<p>O per\u00edodo de inscri\u00e7\u00f5es ser\u00e1 do dia: 28 de fevereiro ao dia 09 de mar\u00e7o de 2023, por meio exclusivo da p\u00e1gina eletr\u00f4nica do SIGA &#8211; Processo seletivo Especializa\u00e7\u00e3o em Oftalmologia -UFPR.<\/p>\n\n\n\n<p><a href=\"https:\/\/siga.ufpr.br\/siga\/visitante\/processoseletivo\/index.jsp?sequencial=3515\" target=\"_blank\" rel=\"noreferrer noopener\">https:\/\/siga.ufpr.br\/siga\/visitante\/processoseletivo\/index.jsp?sequencial=3515<\/a><\/p>\n\n\n\n<p><a href=\"https:\/\/ufpr.br\/propg\/wp-content\/uploads\/2025\/10\/especializacao-em-oftalmologia-2023-situacao-das-inscricoes.pdf\" target=\"_blank\" rel=\"noreferrer noopener\">Especializa\u00e7\u00e3o em OFTALMOLOGIA 2023 &#8211; situa\u00e7\u00e3o das inscri\u00e7\u00f5es<\/a><\/p>\n\n\n\n<p><a href=\"https:\/\/ufpr.br\/propg\/wp-content\/uploads\/2025\/10\/resultado-da-1a-fase.pdf\" target=\"_blank\" rel=\"noreferrer noopener\">Resultado da 1\u00aa Fase<\/a><\/p>\n\n\n\n<p>O acesso ao local de prova \u00e9 pela portaria principal de visitantes (uma que tem elevador para necessidades especiais e escadaria), basta dizer que o of\u00edcio de libera\u00e7\u00e3o de entrada foi enviado por e-mail, qualquer problema no acesso encaminhe e-mail para dofot@hc.ufpr.br.<\/p>\n\n\n\n<h2 class=\"wp-block-heading\">SEGUNDA FASE:<\/h2>\n\n\n\n<p>DEFESA DO CURRICULUM VITAE (CV)<\/p>\n\n\n\n<p>DATA\/HOR\u00c1RIO: 17\/03\/23 \u00e0s 18h00<\/p>\n\n\n\n<p>LOCAL: Centro de Refer\u00eancia em Oftalmologia do Complexo Hospital de Cl\u00ednicas &#8211; Anexo H do CHC.<br>Para os feitos desta fase somente sera\u0303o considerados os documentos anexados no ato da inscri\u00e7\u00e3o.<\/p>\n\n\n\n<p>\u25cf No ato da defesa de Curriculum Vitae (entrevista), o candidato devera\u0301 trazer os documentos originais do RG, CPF, Diploma de m\u00e9dico e Hist\u00f3rico Escolar, assim como todos os documentos originais que foram anexados eletronicamente conforme modelo do anexo 01.<\/p>\n\n\n\n<p>\u25cf Os pontos referentes a documentos na\u0303o apresentados sera\u0303o anulados e a na\u0303o veracidade de informac\u0327o\u0303es acarretara\u0301 na eliminac\u0327a\u0303o do candidato.<\/p>\n","protected":false},"excerpt":{"rendered":"<p>A Coordena\u00e7\u00e3o do Programa de Especializa\u00e7\u00e3o em Oftalmologia, do Departamento de Oftalmo-otorrinolaringologia, do Setor de Ci\u00eancias da Sa\u00fade da UFPR, no uso de suas atribui\u00e7\u00f5es, publica a sele\u00e7\u00e3o 2023. (link para o edital). EDITAL ESPECIALIZA\u00c7\u00c3O OFTALMO O per\u00edodo de inscri\u00e7\u00f5es ser\u00e1 do dia: 28 de fevereiro ao dia 09 de mar\u00e7o de 2023, por meio [&hellip;]<\/p>\n","protected":false},"author":25,"featured_media":0,"comment_status":"open","ping_status":"open","sticky":false,"template":"","format":"standard","meta":{"footnotes":""},"categories":[381,382],"tags":[],"class_list":["post-14328","post","type-post","status-publish","format-standard","hentry","category-editais-e-processos-seletivos","category-especializacao-e-residencia"],"_links":{"self":[{"href":"https:\/\/ufpr.br\/propg\/wp-json\/wp\/v2\/posts\/14328","targetHints":{"allow":["GET"]}}],"collection":[{"href":"https:\/\/ufpr.br\/propg\/wp-json\/wp\/v2\/posts"}],"about":[{"href":"https:\/\/ufpr.br\/propg\/wp-json\/wp\/v2\/types\/post"}],"author":[{"embeddable":true,"href":"https:\/\/ufpr.br\/propg\/wp-json\/wp\/v2\/users\/25"}],"replies":[{"embeddable":true,"href":"https:\/\/ufpr.br\/propg\/wp-json\/wp\/v2\/comments?post=14328"}],"version-history":[{"count":6,"href":"https:\/\/ufpr.br\/propg\/wp-json\/wp\/v2\/posts\/14328\/revisions"}],"predecessor-version":[{"id":19138,"href":"https:\/\/ufpr.br\/propg\/wp-json\/wp\/v2\/posts\/14328\/revisions\/19138"}],"wp:attachment":[{"href":"https:\/\/ufpr.br\/propg\/wp-json\/wp\/v2\/media?parent=14328"}],"wp:term":[{"taxonomy":"category","embeddable":true,"href":"https:\/\/ufpr.br\/propg\/wp-json\/wp\/v2\/categories?post=14328"},{"taxonomy":"post_tag","embeddable":true,"href":"https:\/\/ufpr.br\/propg\/wp-json\/wp\/v2\/tags?post=14328"}],"curies":[{"name":"wp","href":"https:\/\/api.w.org\/{rel}","templated":true}]}}