{"id":14290,"date":"2018-10-30T10:06:57","date_gmt":"2018-10-30T12:06:57","guid":{"rendered":"https:\/\/ufpr.br\/processo-seletivo-especializacao-em-praticas-assertivas-da-educacao-profissional-integrada-a-educacao-de-jovens-e-adultos"},"modified":"2025-12-01T14:32:28","modified_gmt":"2025-12-01T17:32:28","slug":"processo-seletivo-especializacao-em-praticas-assertivas-da-educacao-profissional-integrada-a-educacao-de-jovens-e-adultos","status":"publish","type":"post","link":"https:\/\/ufpr.br\/propg\/processo-seletivo-especializacao-em-praticas-assertivas-da-educacao-profissional-integrada-a-educacao-de-jovens-e-adultos\/","title":{"rendered":"[Processo Seletivo] Especializa\u00e7\u00e3o em Pr\u00e1ticas Assertivas da Educa\u00e7\u00e3o Profissional Integrada \u00e0 Educa\u00e7\u00e3o de Jovens e Adultos"},"content":{"rendered":"\n<p>EDITAL N\u00ba 35\/2018 PROEN\/IFRN: PROCESSO SELETIVO PARA ESPECIALIZA\u00c7\u00c3O EM PR\u00c1TICAS ASSERTIVAS DA EDUCA\u00c7\u00c3O PROFISSIONAL INTEGRADA \u00c0 EDUCA\u00c7\u00c3O DE JOVENS E ADULTOS P\u00d3S-GRADUA\u00c7\u00c3O LATO SENSU A DIST\u00c2NCIA \u2013 2\u00ba SEMESTRE LETIVO DE 2018<\/p>\n\n\n\n<p>A Pr\u00f3-Reitora de Ensino do Instituto Federal de Educa\u00e7\u00e3o, Ci\u00eancia e Tecnologia do Rio Grande do Norte \u2013 IFRN, usando&nbsp;das atribui\u00e7\u00f5es que lhe confere a Portaria n\u00b0. 938\/2017-RE\/IFRN, faz saber aos interessados que estar\u00e3o abertas as&nbsp;inscri\u00e7\u00f5es para o processo seletivo para o para o Curso de Especializa\u00e7\u00e3o em Pr\u00e1ticas Assertivas da Educa\u00e7\u00e3o&nbsp;Profissional Integrada \u00e0 Educa\u00e7\u00e3o de Jovens e Adultos (p\u00f3s-gradua\u00e7\u00e3o lato sensu), na modalidade a dist\u00e2ncia,&nbsp;com ingresso no segundo semestre letivo de 2018.<\/p>\n\n\n\n<p>As inscri\u00e7\u00f5es ser\u00e3o feitas exclusivamente via INTERNET, no site <a href=\"http:\/\/processoseletivo.ifrn.edu.br\" target=\"_blank\" rel=\"noreferrer noopener\">http:\/\/processoseletivo.ifrn.edu.br<\/a>, no per\u00edodo de 08 de outubro de\u00a02018 a 12 de novembro de 2018.<\/p>\n\n\n\n<p>Acesse o edital:<\/p>\n\n\n\n<p><a href=\"https:\/\/www.prppg.ufpr.br\/site\/wp-content\/uploads\/2018\/10\/edital_35_-2018_curso-superior-de-pos-graduacao_-especializacao-em-proeja-ead-reficado-3.pdf\" target=\"_blank\" rel=\"noreferrer noopener\">Edital_35_ 2018_Curso Superior de Pos-Graduacao_ Especializacao em PROEJA &#8211; EAD<\/a>.<\/p>\n\n\n\n<p><\/p>\n","protected":false},"excerpt":{"rendered":"<p>EDITAL N\u00ba 35\/2018 PROEN\/IFRN: PROCESSO SELETIVO PARA ESPECIALIZA\u00c7\u00c3O EM PR\u00c1TICAS ASSERTIVAS DA EDUCA\u00c7\u00c3O PROFISSIONAL INTEGRADA \u00c0 EDUCA\u00c7\u00c3O DE JOVENS E ADULTOS P\u00d3S-GRADUA\u00c7\u00c3O LATO SENSU A DIST\u00c2NCIA \u2013 2\u00ba SEMESTRE LETIVO DE 2018 A Pr\u00f3-Reitora de Ensino do Instituto Federal de Educa\u00e7\u00e3o, Ci\u00eancia e Tecnologia do Rio Grande do Norte \u2013 IFRN, usando&nbsp;das atribui\u00e7\u00f5es que lhe [&hellip;]<\/p>\n","protected":false},"author":16,"featured_media":0,"comment_status":"open","ping_status":"open","sticky":false,"template":"","format":"standard","meta":{"footnotes":""},"categories":[381,382],"tags":[],"class_list":["post-14290","post","type-post","status-publish","format-standard","hentry","category-editais-e-processos-seletivos","category-especializacao-e-residencia"],"_links":{"self":[{"href":"https:\/\/ufpr.br\/propg\/wp-json\/wp\/v2\/posts\/14290","targetHints":{"allow":["GET"]}}],"collection":[{"href":"https:\/\/ufpr.br\/propg\/wp-json\/wp\/v2\/posts"}],"about":[{"href":"https:\/\/ufpr.br\/propg\/wp-json\/wp\/v2\/types\/post"}],"author":[{"embeddable":true,"href":"https:\/\/ufpr.br\/propg\/wp-json\/wp\/v2\/users\/16"}],"replies":[{"embeddable":true,"href":"https:\/\/ufpr.br\/propg\/wp-json\/wp\/v2\/comments?post=14290"}],"version-history":[{"count":4,"href":"https:\/\/ufpr.br\/propg\/wp-json\/wp\/v2\/posts\/14290\/revisions"}],"predecessor-version":[{"id":18473,"href":"https:\/\/ufpr.br\/propg\/wp-json\/wp\/v2\/posts\/14290\/revisions\/18473"}],"wp:attachment":[{"href":"https:\/\/ufpr.br\/propg\/wp-json\/wp\/v2\/media?parent=14290"}],"wp:term":[{"taxonomy":"category","embeddable":true,"href":"https:\/\/ufpr.br\/propg\/wp-json\/wp\/v2\/categories?post=14290"},{"taxonomy":"post_tag","embeddable":true,"href":"https:\/\/ufpr.br\/propg\/wp-json\/wp\/v2\/tags?post=14290"}],"curies":[{"name":"wp","href":"https:\/\/api.w.org\/{rel}","templated":true}]}}