{"id":14288,"date":"2018-10-25T14:13:59","date_gmt":"2018-10-25T16:13:59","guid":{"rendered":"https:\/\/ufpr.br\/disciplinas-transversais-comunicado-sobre-local-das-aulas-presenciais"},"modified":"2025-12-01T14:32:49","modified_gmt":"2025-12-01T17:32:49","slug":"disciplinas-transversais-comunicado-sobre-local-das-aulas-presenciais","status":"publish","type":"post","link":"https:\/\/ufpr.br\/propg\/disciplinas-transversais-comunicado-sobre-local-das-aulas-presenciais\/","title":{"rendered":"[Disciplinas Transversais] Comunicado sobre local das aulas presenciais"},"content":{"rendered":"\n<p><span style=\"color: #000000;\">Aten\u00e7\u00e3o:<\/span><\/p>\n\n\n\n<p><span style=\"color: #000000;\">As pr\u00f3ximas aulas presenciais das disciplinas transversais voltar\u00e3o a ser realizadas <strong>exclusivamente no Audit\u00f3rio Professor Ulysses de Campos do Setor de Ci\u00eancias Sociais Aplicadas<\/strong>&nbsp;(Av. Prefeito Loth\u00e1rio Meissner, 632 &#8211; Campus Bot\u00e2nico).<\/span><\/p>\n\n\n\n<p><span style=\"color: #000000;\">Disciplinas Transversais: M\u00e9todos de Pesquisa 2018.2 e Escrita Acad\u00eamica em Ingl\u00eas 2018.2<\/span><\/p>\n\n\n\n<p>\u00a0<span style=\"color: #000000;\">D\u00favidas: transversal@ufpr.br<\/span><\/p>\n","protected":false},"excerpt":{"rendered":"<p>Aten\u00e7\u00e3o: As pr\u00f3ximas aulas presenciais das disciplinas transversais voltar\u00e3o a ser realizadas exclusivamente no Audit\u00f3rio Professor Ulysses de Campos do Setor de Ci\u00eancias Sociais Aplicadas&nbsp;(Av. Prefeito Loth\u00e1rio Meissner, 632 &#8211; Campus Bot\u00e2nico). Disciplinas Transversais: M\u00e9todos de Pesquisa 2018.2 e Escrita Acad\u00eamica em Ingl\u00eas 2018.2 \u00a0D\u00favidas: transversal@ufpr.br<\/p>\n","protected":false},"author":16,"featured_media":0,"comment_status":"open","ping_status":"open","sticky":false,"template":"","format":"standard","meta":{"footnotes":""},"categories":[386],"tags":[],"class_list":["post-14288","post","type-post","status-publish","format-standard","hentry","category-mestrado-e-doutorado"],"_links":{"self":[{"href":"https:\/\/ufpr.br\/propg\/wp-json\/wp\/v2\/posts\/14288","targetHints":{"allow":["GET"]}}],"collection":[{"href":"https:\/\/ufpr.br\/propg\/wp-json\/wp\/v2\/posts"}],"about":[{"href":"https:\/\/ufpr.br\/propg\/wp-json\/wp\/v2\/types\/post"}],"author":[{"embeddable":true,"href":"https:\/\/ufpr.br\/propg\/wp-json\/wp\/v2\/users\/16"}],"replies":[{"embeddable":true,"href":"https:\/\/ufpr.br\/propg\/wp-json\/wp\/v2\/comments?post=14288"}],"version-history":[{"count":3,"href":"https:\/\/ufpr.br\/propg\/wp-json\/wp\/v2\/posts\/14288\/revisions"}],"predecessor-version":[{"id":18478,"href":"https:\/\/ufpr.br\/propg\/wp-json\/wp\/v2\/posts\/14288\/revisions\/18478"}],"wp:attachment":[{"href":"https:\/\/ufpr.br\/propg\/wp-json\/wp\/v2\/media?parent=14288"}],"wp:term":[{"taxonomy":"category","embeddable":true,"href":"https:\/\/ufpr.br\/propg\/wp-json\/wp\/v2\/categories?post=14288"},{"taxonomy":"post_tag","embeddable":true,"href":"https:\/\/ufpr.br\/propg\/wp-json\/wp\/v2\/tags?post=14288"}],"curies":[{"name":"wp","href":"https:\/\/api.w.org\/{rel}","templated":true}]}}