{"id":14287,"date":"2018-10-23T09:05:19","date_gmt":"2018-10-23T11:05:19","guid":{"rendered":"https:\/\/ufpr.br\/editais-inscricoes-abertas-para-o-processo-seletivo-do-programa-de-pos-graduacao-em-gestao-da-informacao-ufpr"},"modified":"2025-12-01T14:33:19","modified_gmt":"2025-12-01T17:33:19","slug":"editais-inscricoes-abertas-para-o-processo-seletivo-do-programa-de-pos-graduacao-em-gestao-da-informacao-ufpr","status":"publish","type":"post","link":"https:\/\/ufpr.br\/propg\/editais-inscricoes-abertas-para-o-processo-seletivo-do-programa-de-pos-graduacao-em-gestao-da-informacao-ufpr\/","title":{"rendered":"[Processo Seletivo] Gest\u00e3o da Informa\u00e7\u00e3o"},"content":{"rendered":"\n<p>Est\u00e3o abertas as inscri\u00e7\u00f5es para o processo seletivo para o ingresso nos Cursos de Mestrado e Doutorado do Programa de P\u00f3s-gradua\u00e7\u00e3o em Gest\u00e3o da Informa\u00e7\u00e3o da Universidade Federal do Paran\u00e1, para PRIMEIRO SEMESTRE DE 2019.<\/p>\n\n\n\n<p>Inscri\u00e7\u00f5es at\u00e9 04 de novembro de 2018<\/p>\n\n\n\n<p>Edital: <a href=\"http:\/\/www.ppgcgti.ufpr.br\/images\/infraestrutura\/Edital_142018_PPGGI_2019\" target=\"_blank\" rel=\"noreferrer noopener\">http:\/\/www.ppgcgti.ufpr.br\/images\/infraestrutura\/Edital_142018_PPGGI_2019<\/a><\/p>\n","protected":false},"excerpt":{"rendered":"<p>Est\u00e3o abertas as inscri\u00e7\u00f5es para o processo seletivo para o ingresso nos Cursos de Mestrado e Doutorado do Programa de P\u00f3s-gradua\u00e7\u00e3o em Gest\u00e3o da Informa\u00e7\u00e3o da Universidade Federal do Paran\u00e1, para PRIMEIRO SEMESTRE DE 2019. Inscri\u00e7\u00f5es at\u00e9 04 de novembro de 2018 Edital: http:\/\/www.ppgcgti.ufpr.br\/images\/infraestrutura\/Edital_142018_PPGGI_2019<\/p>\n","protected":false},"author":18,"featured_media":0,"comment_status":"open","ping_status":"open","sticky":false,"template":"","format":"standard","meta":{"footnotes":""},"categories":[381,386],"tags":[],"class_list":["post-14287","post","type-post","status-publish","format-standard","hentry","category-editais-e-processos-seletivos","category-mestrado-e-doutorado"],"_links":{"self":[{"href":"https:\/\/ufpr.br\/propg\/wp-json\/wp\/v2\/posts\/14287","targetHints":{"allow":["GET"]}}],"collection":[{"href":"https:\/\/ufpr.br\/propg\/wp-json\/wp\/v2\/posts"}],"about":[{"href":"https:\/\/ufpr.br\/propg\/wp-json\/wp\/v2\/types\/post"}],"author":[{"embeddable":true,"href":"https:\/\/ufpr.br\/propg\/wp-json\/wp\/v2\/users\/18"}],"replies":[{"embeddable":true,"href":"https:\/\/ufpr.br\/propg\/wp-json\/wp\/v2\/comments?post=14287"}],"version-history":[{"count":3,"href":"https:\/\/ufpr.br\/propg\/wp-json\/wp\/v2\/posts\/14287\/revisions"}],"predecessor-version":[{"id":18483,"href":"https:\/\/ufpr.br\/propg\/wp-json\/wp\/v2\/posts\/14287\/revisions\/18483"}],"wp:attachment":[{"href":"https:\/\/ufpr.br\/propg\/wp-json\/wp\/v2\/media?parent=14287"}],"wp:term":[{"taxonomy":"category","embeddable":true,"href":"https:\/\/ufpr.br\/propg\/wp-json\/wp\/v2\/categories?post=14287"},{"taxonomy":"post_tag","embeddable":true,"href":"https:\/\/ufpr.br\/propg\/wp-json\/wp\/v2\/tags?post=14287"}],"curies":[{"name":"wp","href":"https:\/\/api.w.org\/{rel}","templated":true}]}}