{"id":14256,"date":"2018-09-25T14:14:08","date_gmt":"2018-09-25T17:14:08","guid":{"rendered":"https:\/\/ufpr.br\/chamada-publica-fa-capes-bolsas-pos-doc-memorando-circular-n-o-1-2018-prppg-cpgss-uba"},"modified":"2025-12-01T10:00:08","modified_gmt":"2025-12-01T13:00:08","slug":"chamada-publica-fa-capes-bolsas-pos-doc-memorando-circular-n-o-1-2018-prppg-cpgss-uba","status":"publish","type":"post","link":"https:\/\/ufpr.br\/propg\/chamada-publica-fa-capes-bolsas-pos-doc-memorando-circular-n-o-1-2018-prppg-cpgss-uba\/","title":{"rendered":"[CHAMADA P\u00daBLICA FA\/CAPES &#8211; Bolsas P\u00f3s-Doc] &#8211; Memorando Circular n.\u00ba 1\/2018 PRPPG\/CPGSS\/UBA"},"content":{"rendered":"\n<p><strong><span style=\"font-size: 12pt; font-family: georgia, palatino, serif;\"><a href=\"http:\/\/www.fappr.pr.gov.br\/modules\/conteudo\/conteudo.php?conteudo=11\" target=\"_blank\" rel=\"noreferrer noopener\">Chamada P\u00fablica 13\/2018 &#8211; Funda\u00e7\u00e3o Arauc\u00e1ria\/Capes<\/a><\/span><\/strong><\/p>\n\n\n\n<p><span style=\"font-family: georgia, palatino, serif; font-size: 12pt;\"><strong><a href=\"https:\/\/ufpr.br\/propg\/wp-content\/uploads\/2025\/10\/memorando-circular_edital-fa_capes.pdf\" target=\"_blank\" rel=\"noreferrer noopener\">Memorando Circular_Edital FA_Capes<\/a><\/strong><\/span><\/p>\n\n\n\n<p><span style=\"font-family: georgia, palatino, serif;\"><strong><a href=\"https:\/\/ufpr.br\/propg\/wp-content\/uploads\/2025\/10\/esclarecimento-dvidas_cp-132018_fa-capes.pdf\" target=\"_blank\" rel=\"noreferrer noopener\">Esclarecimento d\u00favidas CP 13\/2018 FA Capes<\/a><\/strong><\/span><\/p>\n\n\n\n<p>&nbsp;<\/p>\n\n\n\n<hr class=\"wp-block-separator has-alpha-channel-opacity\"\/>\n\n\n\n<p>Procurando esclarecer as quest\u00f5es relativas \u00e0 CP 13\/2018-FA\/Capes, refor\u00e7amos os seguintes pontos:<\/p>\n\n\n\n<ol class=\"wp-block-list\">\n<li><strong>Quanto \u00e0s modalidades<\/strong>:<\/li>\n<\/ol>\n\n\n\n<ul class=\"wp-block-list\">\n<li><strong>Modalidade A<\/strong> \u2013 destinada a docentes e\/ou pesquisadores com v\u00ednculo ativo junto a UFPR e que queiram desenvolver suas pesquisas fora do \u00e2mbito da UFPR.<\/li>\n\n\n\n<li><strong>Modalidade B<\/strong> \u2013 destinada a docentes e pesquisadores n\u00e3o possuem v\u00ednculo empregat\u00edcio e queiram desenvolver sua pesquisa dentro do \u00e2mbito da UFPR<\/li>\n<\/ul>\n\n\n\n<ol start=\"2\" class=\"wp-block-list\">\n<li><strong>Quanto \u00e0s candidaturas<\/strong>:<\/li>\n<\/ol>\n\n\n\n<ul class=\"wp-block-list\">\n<li><strong>Para a modalidade A<\/strong> \u2013 realizada pelo pr\u00f3prio docente e\/ou pesquisador sem a participa\u00e7\u00e3o direta da PRPPG no projeto, cujo envio de submiss\u00e3o eletr\u00f4nica da proposta ser\u00e1 29\/10\/2018 \u2013 conforme cronograma apresentado no edital.<\/li>\n\n\n\n<li><strong>Para a modalidade B<\/strong> \u2013 realizada pela PRPPG\/CPGSS, cujo envio de submiss\u00e3o eletr\u00f4nica da proposta ser\u00e1 29\/10\/2018 \u2013 conforme cronograma apresentado no edital. A PRPPG est\u00e1 elaborando o projeto institucional, que representar\u00e1 a UFPR, e submeter\u00e1 sua candidatura na <strong>modalidade B<\/strong>. Ap\u00f3s a an\u00e1lise e divulga\u00e7\u00e3o das propostas apresentadas (conforme cronograma apresentado na CP 13\/2018 \u2013 FA\/Capes), caso a UFPR seja contemplada, a PRPPG oportunamente far\u00e1 a divulga\u00e7\u00e3o de um edital interno que definir\u00e1 o processo seletivo para ocupa\u00e7\u00e3o de cotas de bolsa da <strong>modalidade B. <\/strong>Esta candidatura ser\u00e1 conduzida, neste momento, sem a necessidade de indica\u00e7\u00e3o de PPG\u00b4s &#8211; docentes e\/ou pesquisadores.<\/li>\n<\/ul>\n\n\n\n<ol start=\"3\" class=\"wp-block-list\">\n<li><strong>Quanto ao Processo Seletivo<\/strong>:<\/li>\n<\/ol>\n\n\n\n<ul class=\"wp-block-list\">\n<li>Informamos que ainda estamos em processo de constru\u00e7\u00e3o do processo seletivo interno para homologa\u00e7\u00e3o de benefici\u00e1rios de bolsas da modalidade B deste edital. Significando ent\u00e3o que, n\u00e3o temos definidos ainda: cronograma, crit\u00e9rios de sele\u00e7\u00e3o e per\u00edodo de aplica\u00e7\u00e3o de bolsas desta modalidade. Portanto, salientamos que, t\u00e3o logo saia \u00e0 divulga\u00e7\u00e3o do resultado da chamada por parte da Funda\u00e7\u00e3o Arauc\u00e1ria caso seja deferida a proposta institucional da UFPR (modalidade B), e assim que houver uma defini\u00e7\u00e3o deste processo seletivo interno, faremos o encaminhamento e ampla divulga\u00e7\u00e3o junto aos PPG\u00b4s, assim como no site da PRPPG.<\/li>\n<\/ul>\n","protected":false},"excerpt":{"rendered":"<p>Chamada P\u00fablica 13\/2018 &#8211; Funda\u00e7\u00e3o Arauc\u00e1ria\/Capes Memorando Circular_Edital FA_Capes Esclarecimento d\u00favidas CP 13\/2018 FA Capes &nbsp; Procurando esclarecer as quest\u00f5es relativas \u00e0 CP 13\/2018-FA\/Capes, refor\u00e7amos os seguintes pontos:<\/p>\n","protected":false},"author":16,"featured_media":0,"comment_status":"open","ping_status":"open","sticky":false,"template":"","format":"standard","meta":{"footnotes":""},"categories":[386],"tags":[],"class_list":["post-14256","post","type-post","status-publish","format-standard","hentry","category-mestrado-e-doutorado"],"_links":{"self":[{"href":"https:\/\/ufpr.br\/propg\/wp-json\/wp\/v2\/posts\/14256","targetHints":{"allow":["GET"]}}],"collection":[{"href":"https:\/\/ufpr.br\/propg\/wp-json\/wp\/v2\/posts"}],"about":[{"href":"https:\/\/ufpr.br\/propg\/wp-json\/wp\/v2\/types\/post"}],"author":[{"embeddable":true,"href":"https:\/\/ufpr.br\/propg\/wp-json\/wp\/v2\/users\/16"}],"replies":[{"embeddable":true,"href":"https:\/\/ufpr.br\/propg\/wp-json\/wp\/v2\/comments?post=14256"}],"version-history":[{"count":6,"href":"https:\/\/ufpr.br\/propg\/wp-json\/wp\/v2\/posts\/14256\/revisions"}],"predecessor-version":[{"id":18455,"href":"https:\/\/ufpr.br\/propg\/wp-json\/wp\/v2\/posts\/14256\/revisions\/18455"}],"wp:attachment":[{"href":"https:\/\/ufpr.br\/propg\/wp-json\/wp\/v2\/media?parent=14256"}],"wp:term":[{"taxonomy":"category","embeddable":true,"href":"https:\/\/ufpr.br\/propg\/wp-json\/wp\/v2\/categories?post=14256"},{"taxonomy":"post_tag","embeddable":true,"href":"https:\/\/ufpr.br\/propg\/wp-json\/wp\/v2\/tags?post=14256"}],"curies":[{"name":"wp","href":"https:\/\/api.w.org\/{rel}","templated":true}]}}