{"id":14255,"date":"2018-09-17T07:34:38","date_gmt":"2018-09-17T10:34:38","guid":{"rendered":"https:\/\/ufpr.br\/processo-seletivo-mestrado-em-educacao-em-ciencias-e-em-matematica"},"modified":"2025-12-01T10:00:35","modified_gmt":"2025-12-01T13:00:35","slug":"processo-seletivo-mestrado-em-educacao-em-ciencias-e-em-matematica","status":"publish","type":"post","link":"https:\/\/ufpr.br\/propg\/processo-seletivo-mestrado-em-educacao-em-ciencias-e-em-matematica\/","title":{"rendered":"[Processo Seletivo] Mestrado em Educa\u00e7\u00e3o em Ci\u00eancias e em Matem\u00e1tica"},"content":{"rendered":"\n<p>Est\u00e1 aberto o processo seletivo para mestrado em Educa\u00e7\u00e3o\u00a0em Ci\u00eancias e em Matem\u00e1tica para in\u00edcio em\u00a0\u00a02019.<\/p>\n\n\n\n<p>As inscri\u00e7\u00f5es para o processo seletivo ser\u00e3o\u00a0 realizadas de\u00a010\/09 a 09\/10\/2018.<\/p>\n\n\n\n<p>Confira o edital e todas as informa\u00e7\u00f5es sobre o processo seletivo na p\u00e1gina do programa:\u00a0<a href=\"http:\/\/www.exatas.ufpr.br\/portal\/ppgecm\/\" target=\"_blank\" rel=\"noreferrer noopener\">http:\/\/www.exatas.ufpr.br\/portal\/ppgecm\/<\/a><\/p>\n\n\n\n<p><\/p>\n","protected":false},"excerpt":{"rendered":"<p>Est\u00e1 aberto o processo seletivo para mestrado em Educa\u00e7\u00e3o\u00a0em Ci\u00eancias e em Matem\u00e1tica para in\u00edcio em\u00a0\u00a02019. As inscri\u00e7\u00f5es para o processo seletivo ser\u00e3o\u00a0 realizadas de\u00a010\/09 a 09\/10\/2018. Confira o edital e todas as informa\u00e7\u00f5es sobre o processo seletivo na p\u00e1gina do programa:\u00a0http:\/\/www.exatas.ufpr.br\/portal\/ppgecm\/<\/p>\n","protected":false},"author":18,"featured_media":0,"comment_status":"open","ping_status":"open","sticky":false,"template":"","format":"standard","meta":{"footnotes":""},"categories":[381,386],"tags":[],"class_list":["post-14255","post","type-post","status-publish","format-standard","hentry","category-editais-e-processos-seletivos","category-mestrado-e-doutorado"],"_links":{"self":[{"href":"https:\/\/ufpr.br\/propg\/wp-json\/wp\/v2\/posts\/14255","targetHints":{"allow":["GET"]}}],"collection":[{"href":"https:\/\/ufpr.br\/propg\/wp-json\/wp\/v2\/posts"}],"about":[{"href":"https:\/\/ufpr.br\/propg\/wp-json\/wp\/v2\/types\/post"}],"author":[{"embeddable":true,"href":"https:\/\/ufpr.br\/propg\/wp-json\/wp\/v2\/users\/18"}],"replies":[{"embeddable":true,"href":"https:\/\/ufpr.br\/propg\/wp-json\/wp\/v2\/comments?post=14255"}],"version-history":[{"count":4,"href":"https:\/\/ufpr.br\/propg\/wp-json\/wp\/v2\/posts\/14255\/revisions"}],"predecessor-version":[{"id":18457,"href":"https:\/\/ufpr.br\/propg\/wp-json\/wp\/v2\/posts\/14255\/revisions\/18457"}],"wp:attachment":[{"href":"https:\/\/ufpr.br\/propg\/wp-json\/wp\/v2\/media?parent=14255"}],"wp:term":[{"taxonomy":"category","embeddable":true,"href":"https:\/\/ufpr.br\/propg\/wp-json\/wp\/v2\/categories?post=14255"},{"taxonomy":"post_tag","embeddable":true,"href":"https:\/\/ufpr.br\/propg\/wp-json\/wp\/v2\/tags?post=14255"}],"curies":[{"name":"wp","href":"https:\/\/api.w.org\/{rel}","templated":true}]}}