{"id":14254,"date":"2018-09-05T09:29:04","date_gmt":"2018-09-05T12:29:04","guid":{"rendered":"https:\/\/ufpr.br\/inscricoes-especializacoes-em-eletrotecnica-e-eficiencia-energetica-e-geracao-distribuida"},"modified":"2025-12-01T10:06:16","modified_gmt":"2025-12-01T13:06:16","slug":"inscricoes-especializacoes-em-eletrotecnica-e-eficiencia-energetica-e-geracao-distribuida","status":"publish","type":"post","link":"https:\/\/ufpr.br\/propg\/inscricoes-especializacoes-em-eletrotecnica-e-eficiencia-energetica-e-geracao-distribuida\/","title":{"rendered":"[Inscri\u00e7\u00f5es Abertas] Especializa\u00e7\u00f5es em &#8220;Eletrot\u00e9cnica&#8221; e  em &#8220;Efici\u00eancia Energ\u00e9tica e Gera\u00e7\u00e3o Distribu\u00edda&#8221;"},"content":{"rendered":"\n<p>&nbsp;<\/p>\n\n\n\n<p>Est\u00e3o abertas as inscri\u00e7\u00f5es para o curso de Especializa\u00e7\u00e3o em\u00a0<a href=\"https:\/\/www.prppg.ufpr.br\/siga\/visitante\/processoseletivo\/index.jsp?sequencial=1024\">Efici\u00eancia Energ\u00e9tica e Gera\u00e7\u00e3o Distribu\u00edda<\/a>\u00a0e para o curso de Especializa\u00e7\u00e3o em\u00a0<a href=\"https:\/\/www.prppg.ufpr.br\/siga\/visitante\/processoseletivo\/index.jsp?sequencial=1026\">Eletrot\u00e9cnica<\/a>\u00a0na UFPR.<\/p>\n\n\n\n<p>Os cursos s\u00e3o oferecidos pelo Departamento de Engenharia El\u00e9trica da UFPR e tem dura\u00e7\u00e3o de dois anos, com aulas aos s\u00e1bados.<\/p>\n\n\n\n<p>As inscri\u00e7\u00f5es v\u00e3o de\u00a0<strong>21 de agosto a 19 de setembro de 2018<\/strong>, pelo site\u00a0<a href=\"http:\/\/www.eletrica.ufpr.br\/especializa%C3%A7%C3%A3o\" target=\"_blank\" rel=\"noreferrer noopener\">http:\/\/www.eletrica.ufpr.br\/especializa\u00e7\u00e3o<\/a><\/p>\n\n\n\n<p>&nbsp;<\/p>\n\n\n\n<hr class=\"wp-block-separator has-alpha-channel-opacity\"\/>\n\n\n\n<p>Mais informa\u00e7\u00f5es:<\/p>\n\n\n\n<p>&nbsp;<\/p>\n\n\n\n<ul class=\"wp-block-list\">\n<li><span style=\"color: #000000;\">Especializa\u00e7\u00e3o em<\/span> <a href=\"https:\/\/siga.ufpr.br\/siga\/visitante\/processoseletivo\/index.jsp?sequencial=1024\" target=\"_blank\" rel=\"noreferrer noopener\">Efici\u00eancia Energ\u00e9tica e Gera\u00e7\u00e3o Distribu\u00edda<\/a><\/li>\n\n\n\n<li><span style=\"color: #000000;\">Especializa\u00e7\u00e3o em<\/span> <a href=\"https:\/\/siga.ufpr.br\/siga\/visitante\/processoseletivo\/index.jsp?sequencial=1026\" target=\"_blank\" rel=\"noreferrer noopener\">Engenharia El\u00e9trica &#8211; Eletrot\u00e9cnica<\/a><\/li>\n<\/ul>\n","protected":false},"excerpt":{"rendered":"<p>&nbsp; Est\u00e3o abertas as inscri\u00e7\u00f5es para o curso de Especializa\u00e7\u00e3o em\u00a0Efici\u00eancia Energ\u00e9tica e Gera\u00e7\u00e3o Distribu\u00edda\u00a0e para o curso de Especializa\u00e7\u00e3o em\u00a0Eletrot\u00e9cnica\u00a0na UFPR. Os cursos s\u00e3o oferecidos pelo Departamento de Engenharia El\u00e9trica da UFPR e tem dura\u00e7\u00e3o de dois anos, com aulas aos s\u00e1bados. As inscri\u00e7\u00f5es v\u00e3o de\u00a021 de agosto a 19 de setembro de 2018, [&hellip;]<\/p>\n","protected":false},"author":16,"featured_media":0,"comment_status":"open","ping_status":"open","sticky":false,"template":"","format":"standard","meta":{"footnotes":""},"categories":[381,382],"tags":[],"class_list":["post-14254","post","type-post","status-publish","format-standard","hentry","category-editais-e-processos-seletivos","category-especializacao-e-residencia"],"_links":{"self":[{"href":"https:\/\/ufpr.br\/propg\/wp-json\/wp\/v2\/posts\/14254","targetHints":{"allow":["GET"]}}],"collection":[{"href":"https:\/\/ufpr.br\/propg\/wp-json\/wp\/v2\/posts"}],"about":[{"href":"https:\/\/ufpr.br\/propg\/wp-json\/wp\/v2\/types\/post"}],"author":[{"embeddable":true,"href":"https:\/\/ufpr.br\/propg\/wp-json\/wp\/v2\/users\/16"}],"replies":[{"embeddable":true,"href":"https:\/\/ufpr.br\/propg\/wp-json\/wp\/v2\/comments?post=14254"}],"version-history":[{"count":3,"href":"https:\/\/ufpr.br\/propg\/wp-json\/wp\/v2\/posts\/14254\/revisions"}],"predecessor-version":[{"id":18466,"href":"https:\/\/ufpr.br\/propg\/wp-json\/wp\/v2\/posts\/14254\/revisions\/18466"}],"wp:attachment":[{"href":"https:\/\/ufpr.br\/propg\/wp-json\/wp\/v2\/media?parent=14254"}],"wp:term":[{"taxonomy":"category","embeddable":true,"href":"https:\/\/ufpr.br\/propg\/wp-json\/wp\/v2\/categories?post=14254"},{"taxonomy":"post_tag","embeddable":true,"href":"https:\/\/ufpr.br\/propg\/wp-json\/wp\/v2\/tags?post=14254"}],"curies":[{"name":"wp","href":"https:\/\/api.w.org\/{rel}","templated":true}]}}