{"id":14228,"date":"2023-02-11T14:27:30","date_gmt":"2023-02-11T17:27:30","guid":{"rendered":"https:\/\/ufpr.br\/a-prppg-sauda-o-dia-internacional-das-mulheres-e-meninas-na-ciencia"},"modified":"2025-12-02T09:21:25","modified_gmt":"2025-12-02T12:21:25","slug":"a-prppg-sauda-o-dia-internacional-das-mulheres-e-meninas-na-ciencia","status":"publish","type":"post","link":"https:\/\/ufpr.br\/propg\/a-prppg-sauda-o-dia-internacional-das-mulheres-e-meninas-na-ciencia\/","title":{"rendered":"A PRPPG sa\u00fada o Dia Internacional das Mulheres e Meninas na Ci\u00eancia!"},"content":{"rendered":"\n<div class=\"wp-block-columns is-layout-flex wp-container-core-columns-is-layout-9d6595d7 wp-block-columns-is-layout-flex\">\n<div class=\"wp-block-column is-layout-flow wp-block-column-is-layout-flow\" style=\"flex-basis:40%\">\n<figure class=\"wp-block-image size-full is-resized\"><a href=\"https:\/\/www.instagram.com\/p\/CohuTOirKlK\/?igshid=YmMyMTA2M2Y%3D\" target=\"_blank\" rel=\" noreferrer noopener\"><img decoding=\"async\" src=\"https:\/\/ufpr.br\/propg\/wp-content\/uploads\/2023\/02\/muleres_na_ciencia.jpg\" alt=\"\" class=\"wp-image-36235\" style=\"width:500px\"\/><\/a><\/figure>\n<\/div>\n\n\n\n<div class=\"wp-block-column is-layout-flow wp-block-column-is-layout-flow\" style=\"flex-basis:60%\">\n<p>Hoje, 11 de fevereiro, \u00e9 Dia Internacional das Meninas e Mulheres na Ci\u00eancia!<\/p>\n\n\n\n<p>A data foi criada pela ONU, em 2016, com os objetivos de celebrar a ENORME colabora\u00e7\u00e3o de pesquisadoras para toda a sociedade, e tamb\u00e9m de promover e incentivar o acesso e a participa\u00e7\u00e3o de mulheres e meninas em todas as \u00e1reas de conhecimento.<\/p>\n\n\n\n<p>A UFPR se enche de orgulho de todas as suas grandes cientistas ??\u200d???\u200d?<br>Voc\u00eas fazem ci\u00eancia, rompem barreiras e abrem caminhos ??\u2764\ufe0f<\/p>\n\n\n\n<p>#MulheresNaCiencia<\/p>\n\n\n\n<p>Fonte: @<a href=\"https:\/\/www.instagram.com\/p\/CohuTOirKlK\/?igshid=YmMyMTA2M2Y%3D\" target=\"_blank\" rel=\"noreferrer noopener\">ufpr_oficial<\/a>&nbsp;<\/p>\n<\/div>\n<\/div>\n\n\n\n<p><\/p>\n","protected":false},"excerpt":{"rendered":"<p>Hoje, 11 de fevereiro, \u00e9 Dia Internacional das Meninas e Mulheres na Ci\u00eancia! A data foi criada pela ONU, em 2016, com os objetivos de celebrar a ENORME colabora\u00e7\u00e3o de pesquisadoras para toda a sociedade, e tamb\u00e9m de promover e incentivar o acesso e a participa\u00e7\u00e3o de mulheres e meninas em todas as \u00e1reas de [&hellip;]<\/p>\n","protected":false},"author":16,"featured_media":0,"comment_status":"open","ping_status":"open","sticky":false,"template":"","format":"standard","meta":{"footnotes":""},"categories":[386],"tags":[],"class_list":["post-14228","post","type-post","status-publish","format-standard","hentry","category-mestrado-e-doutorado"],"_links":{"self":[{"href":"https:\/\/ufpr.br\/propg\/wp-json\/wp\/v2\/posts\/14228","targetHints":{"allow":["GET"]}}],"collection":[{"href":"https:\/\/ufpr.br\/propg\/wp-json\/wp\/v2\/posts"}],"about":[{"href":"https:\/\/ufpr.br\/propg\/wp-json\/wp\/v2\/types\/post"}],"author":[{"embeddable":true,"href":"https:\/\/ufpr.br\/propg\/wp-json\/wp\/v2\/users\/16"}],"replies":[{"embeddable":true,"href":"https:\/\/ufpr.br\/propg\/wp-json\/wp\/v2\/comments?post=14228"}],"version-history":[{"count":13,"href":"https:\/\/ufpr.br\/propg\/wp-json\/wp\/v2\/posts\/14228\/revisions"}],"predecessor-version":[{"id":19141,"href":"https:\/\/ufpr.br\/propg\/wp-json\/wp\/v2\/posts\/14228\/revisions\/19141"}],"wp:attachment":[{"href":"https:\/\/ufpr.br\/propg\/wp-json\/wp\/v2\/media?parent=14228"}],"wp:term":[{"taxonomy":"category","embeddable":true,"href":"https:\/\/ufpr.br\/propg\/wp-json\/wp\/v2\/categories?post=14228"},{"taxonomy":"post_tag","embeddable":true,"href":"https:\/\/ufpr.br\/propg\/wp-json\/wp\/v2\/tags?post=14228"}],"curies":[{"name":"wp","href":"https:\/\/api.w.org\/{rel}","templated":true}]}}