{"id":14223,"date":"2018-08-29T13:06:34","date_gmt":"2018-08-29T16:06:34","guid":{"rendered":"https:\/\/ufpr.br\/editais-edital-de-selecao-de-bolsistas-para-programa-de-apoio-as-publicacoes-cientificas-periodicas-2018"},"modified":"2025-12-01T09:52:11","modified_gmt":"2025-12-01T12:52:11","slug":"editais-edital-de-selecao-de-bolsistas-para-programa-de-apoio-as-publicacoes-cientificas-periodicas-2018","status":"publish","type":"post","link":"https:\/\/ufpr.br\/propg\/editais-edital-de-selecao-de-bolsistas-para-programa-de-apoio-as-publicacoes-cientificas-periodicas-2018\/","title":{"rendered":"[Editais] Edital de Sele\u00e7\u00e3o de Bolsistas para Programa de Apoio \u00e0s Publica\u00e7\u00f5es Cient\u00edficas Peri\u00f3dicas 2018"},"content":{"rendered":"\n<p><a href=\"https:\/\/ufpr.br\/propg\/wp-content\/uploads\/2025\/10\/edital-bolsistas-2018_revisado29ago2018-1-pdf.pdf\" target=\"_blank\" rel=\"noopener\">Edital de Sele\u00e7\u00e3o de Bolsistas para Programa de Apoio \u00e0s Publica\u00e7\u00f5es Cient\u00edficas Peri\u00f3dicas 2018<\/a><\/p>\n\n\n\n<p>&nbsp;<\/p>\n\n\n\n<p><\/p>\n","protected":false},"excerpt":{"rendered":"<p>Edital de Sele\u00e7\u00e3o de Bolsistas para Programa de Apoio \u00e0s Publica\u00e7\u00f5es Cient\u00edficas Peri\u00f3dicas 2018 &nbsp;<\/p>\n","protected":false},"author":18,"featured_media":0,"comment_status":"open","ping_status":"open","sticky":false,"template":"","format":"standard","meta":{"footnotes":""},"categories":[381,386],"tags":[],"class_list":["post-14223","post","type-post","status-publish","format-standard","hentry","category-editais-e-processos-seletivos","category-mestrado-e-doutorado"],"_links":{"self":[{"href":"https:\/\/ufpr.br\/propg\/wp-json\/wp\/v2\/posts\/14223","targetHints":{"allow":["GET"]}}],"collection":[{"href":"https:\/\/ufpr.br\/propg\/wp-json\/wp\/v2\/posts"}],"about":[{"href":"https:\/\/ufpr.br\/propg\/wp-json\/wp\/v2\/types\/post"}],"author":[{"embeddable":true,"href":"https:\/\/ufpr.br\/propg\/wp-json\/wp\/v2\/users\/18"}],"replies":[{"embeddable":true,"href":"https:\/\/ufpr.br\/propg\/wp-json\/wp\/v2\/comments?post=14223"}],"version-history":[{"count":3,"href":"https:\/\/ufpr.br\/propg\/wp-json\/wp\/v2\/posts\/14223\/revisions"}],"predecessor-version":[{"id":18433,"href":"https:\/\/ufpr.br\/propg\/wp-json\/wp\/v2\/posts\/14223\/revisions\/18433"}],"wp:attachment":[{"href":"https:\/\/ufpr.br\/propg\/wp-json\/wp\/v2\/media?parent=14223"}],"wp:term":[{"taxonomy":"category","embeddable":true,"href":"https:\/\/ufpr.br\/propg\/wp-json\/wp\/v2\/categories?post=14223"},{"taxonomy":"post_tag","embeddable":true,"href":"https:\/\/ufpr.br\/propg\/wp-json\/wp\/v2\/tags?post=14223"}],"curies":[{"name":"wp","href":"https:\/\/api.w.org\/{rel}","templated":true}]}}