{"id":14220,"date":"2018-08-07T10:42:23","date_gmt":"2018-08-07T13:42:23","guid":{"rendered":"https:\/\/ufpr.br\/ato-de-luto-pela-ciencia-manifestacao-no-predio-historico-da-ufpr"},"modified":"2025-12-01T09:53:58","modified_gmt":"2025-12-01T12:53:58","slug":"ato-de-luto-pela-ciencia-manifestacao-no-predio-historico-da-ufpr","status":"publish","type":"post","link":"https:\/\/ufpr.br\/propg\/ato-de-luto-pela-ciencia-manifestacao-no-predio-historico-da-ufpr\/","title":{"rendered":"[Luto pela Ci\u00eancia] Manifesta\u00e7\u00e3o no Pr\u00e9dio Hist\u00f3rico da UFPR"},"content":{"rendered":"\n<p>Professoras e Professores,<br>Alunas e alunos,A Universidade Federal do Paran\u00e1 (UFPR), diante da&nbsp;<strong>amea\u00e7a de cortes severos nos recursos para fomento \u00e0 pesquisa em 2019<\/strong>, convida todas e todos a participarem do \u201cAto de Luto pela Ci\u00eancia, pela Universidade P\u00fablica e pelo Futuro\u201d, que acontece no dia<strong>&nbsp;9 de agosto, \u00e0s 11 horas, nas escadarias do Pr\u00e9dio Hist\u00f3rico<\/strong>, na Pra\u00e7a Santos Andrade.<\/p>\n\n\n\n<p><strong>Esta \u00e9 uma a\u00e7\u00e3o de cidadania e uma manifesta\u00e7\u00e3o democr\u00e1tica contra a redu\u00e7\u00e3o or\u00e7ament\u00e1ria que afetaria bolsistas de mestrado, doutorado e p\u00f3s-doutorado, al\u00e9m de programas de forma\u00e7\u00e3o de professores da educa\u00e7\u00e3o b\u00e1sica.<\/strong><\/p>\n\n\n\n<p>Importante ressaltar que o Conselho Superior da Coordena\u00e7\u00e3o de Aperfei\u00e7oamento de Pessoal de N\u00edvel Superior (CAPES) enviou ao ministro da Educa\u00e7\u00e3o, Rossieli Soares da Silva, um of\u00edcio alertando para as graves consequ\u00eancias que advir\u00e3o caso o presidente da Rep\u00fablica vete parte da Lei de Diretrizes Or\u00e7ament\u00e1rias (LDO).<\/p>\n\n\n\n<p>De acordo com of\u00edcio assinado pelo presidente da CAPES, tal ato levaria \u00e0 suspens\u00e3o dos pagamentos de mais de 93 mil bolsistas de mestrado, doutorado e p\u00f3s-doutorado a partir de agosto de 2019. Suspenderia tamb\u00e9m as bolsas para 105 mil participantes do Programa Institucional de Bolsas de Inicia\u00e7\u00e3o \u00e0 Doc\u00eancia (Pibid) e interromperia o funcionamento do sistema Universidade Aberta do Brasil (UAB) e dos mestrados profissionais voltados \u00e0 qualifica\u00e7\u00e3o de professores da rede p\u00fablica de educa\u00e7\u00e3o b\u00e1sica, al\u00e9m de prejudicar a continuidade de programas de fomento com destino ao exterior.<\/p>\n\n\n\n<p>De acordo com o reitor Ricardo Marcelo Fonseca este \u00e9 o momento de levantar a voz contra a possibilidade desse veto por parte do presidente da Rep\u00fablica. \u201cA Lei de Diretrizes Or\u00e7ament\u00e1rias (em particular seu artigo 22) precisa ser sancionada como foi aprovada pelo Congresso Nacional, sem vetos. Essa \u00e9 uma luta fundamental e que precisa ser travada agora por todos que est\u00e3o comprometidos com a causa da educa\u00e7\u00e3o\u201d.<\/p>\n\n\n\n<ul class=\"wp-block-list\">\n<li>Pela aprova\u00e7\u00e3o da Lei de Diretrizes Or\u00e7ament\u00e1rias (LDO), contra os cortes e contra o veto presidencial.<\/li>\n\n\n\n<li>Pela Ci\u00eancia, pela Universidade P\u00fablica e pelo futuro.<\/li>\n<\/ul>\n\n\n\n<p>Pauta:<strong>&nbsp;\u201cAto de Luto pela Ci\u00eancia, pela Universidade P\u00fablica e pelo Futuro\u201d<br><\/strong>Data:&nbsp;<strong>9 de agosto<\/strong><br>Hor\u00e1rio: 11h<br>Local: Escadaria do Pr\u00e9dio Hist\u00f3rico, na Pra\u00e7a Santos Andrade \/ Curitiba- PR<\/p>\n\n\n\n<p><a href=\"http:\/\/www.ufpr.br\/portalufpr\/noticias\/reitor-ricardo-marcelo-conclama-comunidade-academica-e-sociedade-a-se-mobilizaram-contra-cortes-que-podem-paralisar-sistema-de-pos-graduacao\/\" target=\"_blank\" rel=\"noreferrer noopener\">Saiba mais sobre o cortes que podem paralisar o sistema nacional de p\u00f3s-gradua\u00e7\u00e3o<\/a><\/p>\n","protected":false},"excerpt":{"rendered":"<p>Professoras e Professores,Alunas e alunos,A Universidade Federal do Paran\u00e1 (UFPR), diante da&nbsp;amea\u00e7a de cortes severos nos recursos para fomento \u00e0 pesquisa em 2019, convida todas e todos a participarem do \u201cAto de Luto pela Ci\u00eancia, pela Universidade P\u00fablica e pelo Futuro\u201d, que acontece no dia&nbsp;9 de agosto, \u00e0s 11 horas, nas escadarias do Pr\u00e9dio Hist\u00f3rico, [&hellip;]<\/p>\n","protected":false},"author":16,"featured_media":0,"comment_status":"open","ping_status":"open","sticky":false,"template":"","format":"standard","meta":{"footnotes":""},"categories":[386],"tags":[],"class_list":["post-14220","post","type-post","status-publish","format-standard","hentry","category-mestrado-e-doutorado"],"_links":{"self":[{"href":"https:\/\/ufpr.br\/propg\/wp-json\/wp\/v2\/posts\/14220","targetHints":{"allow":["GET"]}}],"collection":[{"href":"https:\/\/ufpr.br\/propg\/wp-json\/wp\/v2\/posts"}],"about":[{"href":"https:\/\/ufpr.br\/propg\/wp-json\/wp\/v2\/types\/post"}],"author":[{"embeddable":true,"href":"https:\/\/ufpr.br\/propg\/wp-json\/wp\/v2\/users\/16"}],"replies":[{"embeddable":true,"href":"https:\/\/ufpr.br\/propg\/wp-json\/wp\/v2\/comments?post=14220"}],"version-history":[{"count":4,"href":"https:\/\/ufpr.br\/propg\/wp-json\/wp\/v2\/posts\/14220\/revisions"}],"predecessor-version":[{"id":18453,"href":"https:\/\/ufpr.br\/propg\/wp-json\/wp\/v2\/posts\/14220\/revisions\/18453"}],"wp:attachment":[{"href":"https:\/\/ufpr.br\/propg\/wp-json\/wp\/v2\/media?parent=14220"}],"wp:term":[{"taxonomy":"category","embeddable":true,"href":"https:\/\/ufpr.br\/propg\/wp-json\/wp\/v2\/categories?post=14220"},{"taxonomy":"post_tag","embeddable":true,"href":"https:\/\/ufpr.br\/propg\/wp-json\/wp\/v2\/tags?post=14220"}],"curies":[{"name":"wp","href":"https:\/\/api.w.org\/{rel}","templated":true}]}}