{"id":14184,"date":"2018-07-06T08:03:10","date_gmt":"2018-07-06T11:03:10","guid":{"rendered":"https:\/\/ufpr.br\/progressao-docente-como-solicitar-parecer-da-prppg"},"modified":"2025-12-01T09:49:51","modified_gmt":"2025-12-01T12:49:51","slug":"progressao-docente-como-solicitar-parecer-da-prppg","status":"publish","type":"post","link":"https:\/\/ufpr.br\/propg\/progressao-docente-como-solicitar-parecer-da-prppg\/","title":{"rendered":"[Progress\u00e3o Docente] Como solicitar parecer da PRPPG"},"content":{"rendered":"\n<p><span style=\"color: #000000;\"><strong>Orienta\u00e7\u00f5es sobre como solicitar parecer da PRPPG&nbsp;progress\u00e3o funcional docente e retribui\u00e7\u00e3o por titula\u00e7\u00e3o<\/strong><\/span><\/p>\n\n\n\n<p>&nbsp;<\/p>\n\n\n\n<p><span style=\"color: #000000;\">Docentes que tiverem cursado mestrado ou doutorado fora da UFPR (em institui\u00e7\u00f5es de ensino superior brasileiras ou com o devido reconhecimento do t\u00edtulo para os casos de IES estrangeiras)\u00a0 dever\u00e3o observar o disposto na <a href=\"http:\/\/www.soc.ufpr.br\/wp-content\/uploads\/2016\/12\/cepe1014.pdf\" target=\"_blank\" rel=\"noreferrer noopener\">Resolu\u00e7\u00e3o 10\/14-CEPE<\/a> para solicitar progress\u00e3o funcional e retribui\u00e7\u00e3o por titula\u00e7\u00e3o.\u00a0Para solicitar a avalia\u00e7\u00e3o do t\u00edtulo de mestrado ou doutorado o solicitante dever\u00e1:<\/span><\/p>\n\n\n\n<blockquote class=\"wp-block-quote is-layout-flow wp-block-quote-is-layout-flow\">\n<p>&nbsp;<\/p>\n\n\n\n<p><span style=\"color: #000000;\">&#8211; Abrir processo no SEI (Tipo do processo: <em>CPPD: Solicita\u00e7\u00e3o de Progress\u00e3o \/ Retribui\u00e7\u00e3o<\/em>)<\/span><br><span style=\"color: #000000;\"> &#8211; Inserir <a href=\"http:\/\/www.ufpr.br\/sei\/wp-content\/uploads\/2016\/10\/POP-20-Editar-documento-interno.pdf\" target=\"_blank\" rel=\"noopener\">documento interno<\/a>\u00a0com of\u00edcio \u00e0 <b>UDC: Unidade de Diplomas e Certificados da PRPPG\u00a0<\/b>(clique para acessar o <a href=\"https:\/\/ufpr.br\/propg\/wp-content\/uploads\/2025\/10\/of-013-de-2017-anexo-i.docx\" target=\"_blank\" rel=\"noreferrer noopener\">modelo de of\u00edcio<\/a>).<\/span><br><span style=\"color: #000000;\"> &#8211; Inserir c\u00f3pia (leg\u00edvel) frente-e-verso do t\u00edtulo de mestrado ou doutorado (<a href=\"http:\/\/www.ufpr.br\/sei\/wp-content\/uploads\/2016\/10\/POP-25-Incluir-documento-externo.pdf\" target=\"_blank\" rel=\"noopener\">documento externo<\/a>).<\/span><br><span style=\"color: #000000;\"> &#8211; Encaminhar o processo via SEI \u00e0 unidade <span style=\"text-decoration: underline;\"><strong>UFPR\/R\/PRPPG\/CPGSS\/UDC<\/strong><\/span>.<\/span><\/p>\n<\/blockquote>\n\n\n\n<p>&nbsp;<\/p>\n\n\n\n<p><span style=\"color: #000000;\">O parecer da PRPPG ser\u00e1 enviado via SEI para a CPPD em at\u00e9 5 dias \u00fateis ap\u00f3s o recebimento do processo instru\u00eddo corretamente.&nbsp;<\/span><\/p>\n\n\n\n<p>&nbsp;<\/p>\n\n\n\n<p><span style=\"color: #000000;\">Caso tenha d\u00favidas sobre a instru\u00e7\u00e3o do <a href=\"https:\/\/intranet.ufpr.br\/progressaodocente\/private\/index.jsf\" target=\"_blank\" rel=\"noreferrer noopener\">processo de progress\u00e3o na intranet<\/a>, entre em contato com a Comiss\u00e3o Permanente de Pessoal Docente, por telefone: (41) 3360-5107 ou e-mail: <a href=\"mailto:cppd@ufpr.br\">cppd@ufpr.br<\/a>.<\/span><\/p>\n\n\n\n<p>&nbsp;<\/p>\n\n\n\n<p>&nbsp;<\/p>\n\n\n\n<hr class=\"wp-block-separator has-alpha-channel-opacity\"\/>\n\n\n\n<p>Caso o solicitante queira consultar o conceito do programa de p\u00f3s-gradua\u00e7\u00e3o e sua inscri\u00e7\u00e3o no SNPG diretamente no site da CAPES, siga os passos a seguir e insira o pdf diretamente no processo SEI:<\/p>\n\n\n\n<figure class=\"wp-block-image\"><img decoding=\"async\" src=\"https:\/\/www.prppg.ufpr.br\/site\/wp-content\/uploads\/2018\/07\/sucupira.jpg\" alt=\"\" class=\"wp-image-9315\"\/><\/figure>\n\n\n\n<p><\/p>\n\n\n\n<p>&nbsp;<\/p>\n\n\n\n<p>&nbsp;<\/p>\n","protected":false},"excerpt":{"rendered":"<p>Orienta\u00e7\u00f5es sobre como solicitar parecer da PRPPG&nbsp;progress\u00e3o funcional docente e retribui\u00e7\u00e3o por titula\u00e7\u00e3o &nbsp; Docentes que tiverem cursado mestrado ou doutorado fora da UFPR (em institui\u00e7\u00f5es de ensino superior brasileiras ou com o devido reconhecimento do t\u00edtulo para os casos de IES estrangeiras)\u00a0 dever\u00e3o observar o disposto na Resolu\u00e7\u00e3o 10\/14-CEPE para solicitar progress\u00e3o funcional e [&hellip;]<\/p>\n","protected":false},"author":16,"featured_media":0,"comment_status":"open","ping_status":"open","sticky":false,"template":"","format":"standard","meta":{"footnotes":""},"categories":[386],"tags":[],"class_list":["post-14184","post","type-post","status-publish","format-standard","hentry","category-mestrado-e-doutorado"],"_links":{"self":[{"href":"https:\/\/ufpr.br\/propg\/wp-json\/wp\/v2\/posts\/14184","targetHints":{"allow":["GET"]}}],"collection":[{"href":"https:\/\/ufpr.br\/propg\/wp-json\/wp\/v2\/posts"}],"about":[{"href":"https:\/\/ufpr.br\/propg\/wp-json\/wp\/v2\/types\/post"}],"author":[{"embeddable":true,"href":"https:\/\/ufpr.br\/propg\/wp-json\/wp\/v2\/users\/16"}],"replies":[{"embeddable":true,"href":"https:\/\/ufpr.br\/propg\/wp-json\/wp\/v2\/comments?post=14184"}],"version-history":[{"count":5,"href":"https:\/\/ufpr.br\/propg\/wp-json\/wp\/v2\/posts\/14184\/revisions"}],"predecessor-version":[{"id":18429,"href":"https:\/\/ufpr.br\/propg\/wp-json\/wp\/v2\/posts\/14184\/revisions\/18429"}],"wp:attachment":[{"href":"https:\/\/ufpr.br\/propg\/wp-json\/wp\/v2\/media?parent=14184"}],"wp:term":[{"taxonomy":"category","embeddable":true,"href":"https:\/\/ufpr.br\/propg\/wp-json\/wp\/v2\/categories?post=14184"},{"taxonomy":"post_tag","embeddable":true,"href":"https:\/\/ufpr.br\/propg\/wp-json\/wp\/v2\/tags?post=14184"}],"curies":[{"name":"wp","href":"https:\/\/api.w.org\/{rel}","templated":true}]}}