{"id":14154,"date":"2018-06-13T08:59:41","date_gmt":"2018-06-13T11:59:41","guid":{"rendered":"https:\/\/ufpr.br\/processo-seletivo-mestrado-profissional-em-saude-da-familia"},"modified":"2025-12-01T09:45:11","modified_gmt":"2025-12-01T12:45:11","slug":"processo-seletivo-mestrado-profissional-em-saude-da-familia","status":"publish","type":"post","link":"https:\/\/ufpr.br\/propg\/processo-seletivo-mestrado-profissional-em-saude-da-familia\/","title":{"rendered":"[Processo Seletivo] Mestrado Profissional em Sa\u00fade da Fam\u00edlia"},"content":{"rendered":"\n<p>O Programa de P\u00f3s-Gradua\u00e7\u00e3o em Sa\u00fade da Fam\u00edlia da UFPR divulgou a Chamada de Sele\u00e7\u00e3o\u00a0 P\u00fablica 2018 &#8211; PROFSAUDE\/ MPSF, para sele\u00e7\u00e3o de novos alunos para o curso de Mestrado Profissionalem Sa\u00fade da Fam\u00edlia\u00a0em Rede Nacional.<\/p>\n\n\n\n<p>Per\u00edodo para inscri\u00e7\u00f5es: de 02 a 31\/08\/2018.<\/p>\n\n\n\n<p>Acesse o edital em:<\/p>\n\n\n\n<p><a href=\"https:\/\/www.prppg.ufpr.br\/site\/profsaude\/2018\/06\/12\/processo-seletivo-de-novos-alunos-publicada-a-chamada-de-selecao-publica-2018\" target=\"_blank\" rel=\"noreferrer noopener\">https:\/\/www.prppg.ufpr.br\/site\/profsaude\/2018\/06\/12\/processo-seletivo-de-novos-alunos-publicada-a-chamada-de-selecao-publica-2018<\/a><\/p>\n","protected":false},"excerpt":{"rendered":"<p>O Programa de P\u00f3s-Gradua\u00e7\u00e3o em Sa\u00fade da Fam\u00edlia da UFPR divulgou a Chamada de Sele\u00e7\u00e3o\u00a0 P\u00fablica 2018 &#8211; PROFSAUDE\/ MPSF, para sele\u00e7\u00e3o de novos alunos para o curso de Mestrado Profissionalem Sa\u00fade da Fam\u00edlia\u00a0em Rede Nacional. Per\u00edodo para inscri\u00e7\u00f5es: de 02 a 31\/08\/2018. Acesse o edital em: https:\/\/www.prppg.ufpr.br\/site\/profsaude\/2018\/06\/12\/processo-seletivo-de-novos-alunos-publicada-a-chamada-de-selecao-publica-2018<\/p>\n","protected":false},"author":16,"featured_media":0,"comment_status":"open","ping_status":"open","sticky":false,"template":"","format":"standard","meta":{"footnotes":""},"categories":[381,386],"tags":[],"class_list":["post-14154","post","type-post","status-publish","format-standard","hentry","category-editais-e-processos-seletivos","category-mestrado-e-doutorado"],"_links":{"self":[{"href":"https:\/\/ufpr.br\/propg\/wp-json\/wp\/v2\/posts\/14154","targetHints":{"allow":["GET"]}}],"collection":[{"href":"https:\/\/ufpr.br\/propg\/wp-json\/wp\/v2\/posts"}],"about":[{"href":"https:\/\/ufpr.br\/propg\/wp-json\/wp\/v2\/types\/post"}],"author":[{"embeddable":true,"href":"https:\/\/ufpr.br\/propg\/wp-json\/wp\/v2\/users\/16"}],"replies":[{"embeddable":true,"href":"https:\/\/ufpr.br\/propg\/wp-json\/wp\/v2\/comments?post=14154"}],"version-history":[{"count":4,"href":"https:\/\/ufpr.br\/propg\/wp-json\/wp\/v2\/posts\/14154\/revisions"}],"predecessor-version":[{"id":18418,"href":"https:\/\/ufpr.br\/propg\/wp-json\/wp\/v2\/posts\/14154\/revisions\/18418"}],"wp:attachment":[{"href":"https:\/\/ufpr.br\/propg\/wp-json\/wp\/v2\/media?parent=14154"}],"wp:term":[{"taxonomy":"category","embeddable":true,"href":"https:\/\/ufpr.br\/propg\/wp-json\/wp\/v2\/categories?post=14154"},{"taxonomy":"post_tag","embeddable":true,"href":"https:\/\/ufpr.br\/propg\/wp-json\/wp\/v2\/tags?post=14154"}],"curies":[{"name":"wp","href":"https:\/\/api.w.org\/{rel}","templated":true}]}}