{"id":14153,"date":"2018-06-05T12:24:42","date_gmt":"2018-06-05T15:24:42","guid":{"rendered":"https:\/\/ufpr.br\/processo-seletivo-mestrado-em-saude-coletiva-ufpr"},"modified":"2025-12-01T09:45:24","modified_gmt":"2025-12-01T12:45:24","slug":"processo-seletivo-mestrado-em-saude-coletiva-ufpr","status":"publish","type":"post","link":"https:\/\/ufpr.br\/propg\/processo-seletivo-mestrado-em-saude-coletiva-ufpr\/","title":{"rendered":"[Processo Seletivo] Mestrado em Sa\u00fade Coletiva UFPR"},"content":{"rendered":"\n<p>O Programa de P\u00f3s-Gradua\u00e7\u00e3o em Sa\u00fade Coletiva da UFPR divulgou o edital n\u00b0 01-2018 para sele\u00e7\u00e3o de novos alunos para o curso de Mestrado em Sa\u00fade Coletiva, turma 2018-2020.<\/p>\n\n\n\n<p>As inscri\u00e7\u00f5es est\u00e3o abertas at\u00e9 o dia 08\/06\/2018.<\/p>\n\n\n\n<p>Segue o link para acessar o edital:<\/p>\n\n\n\n<p><a href=\"https:\/\/www.prppg.ufpr.br\/site\/ppgsaudecoletiva\/pb\" target=\"_blank\" rel=\"noreferrer noopener\">https:\/\/www.prppg.ufpr.br\/site\/ppgsaudecoletiva\/pb<\/a><\/p>\n","protected":false},"excerpt":{"rendered":"<p>O Programa de P\u00f3s-Gradua\u00e7\u00e3o em Sa\u00fade Coletiva da UFPR divulgou o edital n\u00b0 01-2018 para sele\u00e7\u00e3o de novos alunos para o curso de Mestrado em Sa\u00fade Coletiva, turma 2018-2020. As inscri\u00e7\u00f5es est\u00e3o abertas at\u00e9 o dia 08\/06\/2018. Segue o link para acessar o edital: https:\/\/www.prppg.ufpr.br\/site\/ppgsaudecoletiva\/pb<\/p>\n","protected":false},"author":16,"featured_media":0,"comment_status":"open","ping_status":"open","sticky":false,"template":"","format":"standard","meta":{"footnotes":""},"categories":[381,386],"tags":[],"class_list":["post-14153","post","type-post","status-publish","format-standard","hentry","category-editais-e-processos-seletivos","category-mestrado-e-doutorado"],"_links":{"self":[{"href":"https:\/\/ufpr.br\/propg\/wp-json\/wp\/v2\/posts\/14153","targetHints":{"allow":["GET"]}}],"collection":[{"href":"https:\/\/ufpr.br\/propg\/wp-json\/wp\/v2\/posts"}],"about":[{"href":"https:\/\/ufpr.br\/propg\/wp-json\/wp\/v2\/types\/post"}],"author":[{"embeddable":true,"href":"https:\/\/ufpr.br\/propg\/wp-json\/wp\/v2\/users\/16"}],"replies":[{"embeddable":true,"href":"https:\/\/ufpr.br\/propg\/wp-json\/wp\/v2\/comments?post=14153"}],"version-history":[{"count":6,"href":"https:\/\/ufpr.br\/propg\/wp-json\/wp\/v2\/posts\/14153\/revisions"}],"predecessor-version":[{"id":18421,"href":"https:\/\/ufpr.br\/propg\/wp-json\/wp\/v2\/posts\/14153\/revisions\/18421"}],"wp:attachment":[{"href":"https:\/\/ufpr.br\/propg\/wp-json\/wp\/v2\/media?parent=14153"}],"wp:term":[{"taxonomy":"category","embeddable":true,"href":"https:\/\/ufpr.br\/propg\/wp-json\/wp\/v2\/categories?post=14153"},{"taxonomy":"post_tag","embeddable":true,"href":"https:\/\/ufpr.br\/propg\/wp-json\/wp\/v2\/tags?post=14153"}],"curies":[{"name":"wp","href":"https:\/\/api.w.org\/{rel}","templated":true}]}}