{"id":14094,"date":"2018-04-16T07:46:42","date_gmt":"2018-04-16T10:46:42","guid":{"rendered":"https:\/\/ufpr.br\/processo-seletivo-programa-de-pos-graduacao-em-engenharia-ambiental"},"modified":"2025-11-28T15:02:38","modified_gmt":"2025-11-28T18:02:38","slug":"processo-seletivo-programa-de-pos-graduacao-em-engenharia-ambiental","status":"publish","type":"post","link":"https:\/\/ufpr.br\/propg\/processo-seletivo-programa-de-pos-graduacao-em-engenharia-ambiental\/","title":{"rendered":"[PROCESSO SELETIVO] Programa de P\u00f3s-Gradua\u00e7\u00e3o em Engenharia Ambiental"},"content":{"rendered":"\n<p>O Programa de P\u00f3s-Gradua\u00e7\u00e3o em Engenharia Ambiental (PPGEA) possui abertos processos seletivos de Mestrado e Doutorado para ingresso no 2o trimestre de 2018.<\/p>\n\n\n\n<p>MESTRADO<br><a href=\"https:\/\/www.prppg.ufpr.br\/site\/ppgea\/\" target=\"_blank\" rel=\"noreferrer noopener\">https:\/\/www.prppg.ufpr.br\/site\/ppgea\/admissao\/processo-seletivo-mestrado\/<\/a><br>DOUTORADO<br><a href=\"https:\/\/www.prppg.ufpr.br\/site\/ppgea\/\" target=\"_blank\" rel=\"noreferrer noopener\">https:\/\/www.prppg.ufpr.br\/site\/ppgea\/admissao\/processo-seletivo-doutorado\/<\/a><\/p>\n","protected":false},"excerpt":{"rendered":"<p>O Programa de P\u00f3s-Gradua\u00e7\u00e3o em Engenharia Ambiental (PPGEA) possui abertos processos seletivos de Mestrado e Doutorado para ingresso no 2o trimestre de 2018. MESTRADOhttps:\/\/www.prppg.ufpr.br\/site\/ppgea\/admissao\/processo-seletivo-mestrado\/DOUTORADOhttps:\/\/www.prppg.ufpr.br\/site\/ppgea\/admissao\/processo-seletivo-doutorado\/<\/p>\n","protected":false},"author":16,"featured_media":0,"comment_status":"open","ping_status":"open","sticky":false,"template":"","format":"standard","meta":{"footnotes":""},"categories":[381,386],"tags":[],"class_list":["post-14094","post","type-post","status-publish","format-standard","hentry","category-editais-e-processos-seletivos","category-mestrado-e-doutorado"],"_links":{"self":[{"href":"https:\/\/ufpr.br\/propg\/wp-json\/wp\/v2\/posts\/14094","targetHints":{"allow":["GET"]}}],"collection":[{"href":"https:\/\/ufpr.br\/propg\/wp-json\/wp\/v2\/posts"}],"about":[{"href":"https:\/\/ufpr.br\/propg\/wp-json\/wp\/v2\/types\/post"}],"author":[{"embeddable":true,"href":"https:\/\/ufpr.br\/propg\/wp-json\/wp\/v2\/users\/16"}],"replies":[{"embeddable":true,"href":"https:\/\/ufpr.br\/propg\/wp-json\/wp\/v2\/comments?post=14094"}],"version-history":[{"count":5,"href":"https:\/\/ufpr.br\/propg\/wp-json\/wp\/v2\/posts\/14094\/revisions"}],"predecessor-version":[{"id":18391,"href":"https:\/\/ufpr.br\/propg\/wp-json\/wp\/v2\/posts\/14094\/revisions\/18391"}],"wp:attachment":[{"href":"https:\/\/ufpr.br\/propg\/wp-json\/wp\/v2\/media?parent=14094"}],"wp:term":[{"taxonomy":"category","embeddable":true,"href":"https:\/\/ufpr.br\/propg\/wp-json\/wp\/v2\/categories?post=14094"},{"taxonomy":"post_tag","embeddable":true,"href":"https:\/\/ufpr.br\/propg\/wp-json\/wp\/v2\/tags?post=14094"}],"curies":[{"name":"wp","href":"https:\/\/api.w.org\/{rel}","templated":true}]}}