{"id":14093,"date":"2018-04-05T11:47:47","date_gmt":"2018-04-05T14:47:47","guid":{"rendered":"https:\/\/ufpr.br\/comunicado-pagamento-de-bolsa-professor-senior"},"modified":"2025-11-28T15:03:10","modified_gmt":"2025-11-28T18:03:10","slug":"comunicado-pagamento-de-bolsa-professor-senior","status":"publish","type":"post","link":"https:\/\/ufpr.br\/propg\/comunicado-pagamento-de-bolsa-professor-senior\/","title":{"rendered":"[COMUNICADO] Pagamento de bolsa Professor S\u00eanior"},"content":{"rendered":"\n<p>Aos<\/p>\n\n\n\n<p><strong>Professores Seniores<\/strong><\/p>\n\n\n\n<p>Programas de P\u00f3s-gradua\u00e7\u00e3o Stricto Sensu<\/p>\n\n\n\n<p>Nesta<\/p>\n\n\n\n<p>Vimos por meio desta expressar nossa gratid\u00e3o por sua participa\u00e7\u00e3o no programa de Professor&nbsp;S\u00eanior&nbsp;da UFPR. Sua contribui\u00e7\u00e3o tem auxiliado em muito os nossos programas de p\u00f3s-gradua\u00e7\u00e3o e a pesquisa na UFPR.<\/p>\n\n\n\n<p>Como j\u00e1 \u00e9 de conhecimento da comunidade, a\u00a0<a href=\"https:\/\/ufpr.br\/propg\/wp-content\/uploads\/2025\/10\/cepe1617.pdf\" target=\"_blank\" rel=\"noreferrer noopener\">Resolu\u00e7\u00e3o 16\/17 \u2013 CEPE<\/a>\u00a0passar\u00e1 a regulamentar os procedimentos relativos a esta categoria de docentes. Segundo essa resolu\u00e7\u00e3o, caber\u00e1 \u00e0s coordena\u00e7\u00f5es dos programas de p\u00f3s-gradua\u00e7\u00e3o receber e avaliar as novas candidaturas, encaminhando-as para o Comit\u00ea Gestor do Programa de Bolsa\u00a0S\u00eanior, formado no \u00e2mbito desta Pr\u00f3-reitoria.<\/p>\n\n\n\n<p>Esta altera\u00e7\u00e3o ser\u00e1 implementada a partir do m\u00eas de abril, quando as novas bolsas ser\u00e3o concedidas segundo portaria espec\u00edfica a ser publicada at\u00e9 final do corrente m\u00eas. Para isso, orienta\u00e7\u00f5es detalhadas sobre a concess\u00e3o das novas bolsas ser\u00e3o informadas \u00e0s coordena\u00e7\u00f5es dos programas de p\u00f3s-gradua\u00e7\u00e3o nos pr\u00f3ximos dias.<\/p>\n\n\n\n<p><strong>Gostar\u00edamos de salientar que as bolsas relativas aos meses de janeiro, fevereiro e mar\u00e7o deste ano ser\u00e3o depositadas em breve<\/strong>. A partir de abril, as bolsas ser\u00e3o pagas apenas \u00e0s e aos docentes selecionadas\/os de acordo com a nova resolu\u00e7\u00e3o e sua respectiva portaria.<\/p>\n\n\n\n<p>Finalmente, destacamos que o n\u00e3o recebimento da bolsa n\u00e3o impede que docentes seniores mantenham v\u00ednculo permanente, se este for o entendimento do colegiado dos programas de p\u00f3s-gradua\u00e7\u00e3o.<\/p>\n\n\n\n<p>Cordialmente,<\/p>\n\n\n\n<p><strong>PROF. DR. FRANCISCO DE ASSIS MENDON\u00c7A\u00a0<\/strong><\/p>\n\n\n\n<p><span style=\"color: #000000;\">Pr\u00f3-reitor de Pesquisa e P\u00f3s-gradua\u00e7\u00e3o<\/span><br><span style=\"color: #000000;\"> Universidade Federal do Paran\u00e1<\/span><\/p>\n","protected":false},"excerpt":{"rendered":"<p>Aos Professores Seniores Programas de P\u00f3s-gradua\u00e7\u00e3o Stricto Sensu Nesta Vimos por meio desta expressar nossa gratid\u00e3o por sua participa\u00e7\u00e3o no programa de Professor&nbsp;S\u00eanior&nbsp;da UFPR. Sua contribui\u00e7\u00e3o tem auxiliado em muito os nossos programas de p\u00f3s-gradua\u00e7\u00e3o e a pesquisa na UFPR. Como j\u00e1 \u00e9 de conhecimento da comunidade, a\u00a0Resolu\u00e7\u00e3o 16\/17 \u2013 CEPE\u00a0passar\u00e1 a regulamentar os procedimentos [&hellip;]<\/p>\n","protected":false},"author":16,"featured_media":0,"comment_status":"open","ping_status":"open","sticky":false,"template":"","format":"standard","meta":{"footnotes":""},"categories":[386],"tags":[],"class_list":["post-14093","post","type-post","status-publish","format-standard","hentry","category-mestrado-e-doutorado"],"_links":{"self":[{"href":"https:\/\/ufpr.br\/propg\/wp-json\/wp\/v2\/posts\/14093","targetHints":{"allow":["GET"]}}],"collection":[{"href":"https:\/\/ufpr.br\/propg\/wp-json\/wp\/v2\/posts"}],"about":[{"href":"https:\/\/ufpr.br\/propg\/wp-json\/wp\/v2\/types\/post"}],"author":[{"embeddable":true,"href":"https:\/\/ufpr.br\/propg\/wp-json\/wp\/v2\/users\/16"}],"replies":[{"embeddable":true,"href":"https:\/\/ufpr.br\/propg\/wp-json\/wp\/v2\/comments?post=14093"}],"version-history":[{"count":4,"href":"https:\/\/ufpr.br\/propg\/wp-json\/wp\/v2\/posts\/14093\/revisions"}],"predecessor-version":[{"id":18396,"href":"https:\/\/ufpr.br\/propg\/wp-json\/wp\/v2\/posts\/14093\/revisions\/18396"}],"wp:attachment":[{"href":"https:\/\/ufpr.br\/propg\/wp-json\/wp\/v2\/media?parent=14093"}],"wp:term":[{"taxonomy":"category","embeddable":true,"href":"https:\/\/ufpr.br\/propg\/wp-json\/wp\/v2\/categories?post=14093"},{"taxonomy":"post_tag","embeddable":true,"href":"https:\/\/ufpr.br\/propg\/wp-json\/wp\/v2\/tags?post=14093"}],"curies":[{"name":"wp","href":"https:\/\/api.w.org\/{rel}","templated":true}]}}