{"id":14092,"date":"2018-04-05T07:25:38","date_gmt":"2018-04-05T10:25:38","guid":{"rendered":"https:\/\/ufpr.br\/disciplina-transversal-em-metodos-estatisticos-em-pesquisa-cientifica"},"modified":"2025-11-28T15:03:22","modified_gmt":"2025-11-28T18:03:22","slug":"disciplina-transversal-em-metodos-estatisticos-em-pesquisa-cientifica","status":"publish","type":"post","link":"https:\/\/ufpr.br\/propg\/disciplina-transversal-em-metodos-estatisticos-em-pesquisa-cientifica\/","title":{"rendered":"[Disciplina Transversal] M\u00e9todos Estat\u00edsticos em Pesquisa Cient\u00edfica 2018.1"},"content":{"rendered":"\n<p>[ACESSO REMOTO] Para o acesso remoto \u00e0 Disciplina Transversal de M\u00e9todos Estat\u00edsticos em Pesquisa Cient\u00edfica, copie e cole o seguinte endere\u00e7o em seu navegador: http:\/\/200.17.247.224<br>Certifique-se de garantir conex\u00e3o de alta velocidade, preferencialmente atrav\u00e9s de cabeamento (evitando utilizar redes sem fio).<\/p>\n\n\n\n<p>&nbsp;<\/p>\n\n\n\n<p>[AULAS ANTERIORES]\u00a0Para alunos matriculados na modalidade remota \u00e9 necess\u00e1rio assistir as aulas no mesmo hor\u00e1rio da modalidade presencial. Entretanto, as aulas ministradas no <strong>semestre anterior<\/strong> s\u00e3o gravadas, editadas e publicadas no <a href=\"https:\/\/www.youtube.com\/channel\/UC1Eu8TwuKB_akNQELQN1GiA\/videos?sort=dd&amp;view=0&amp;shelf_id=0\" target=\"_blank\" rel=\"noreferrer noopener\">Canal da PRPPG<\/a> no Youtube.<\/p>\n\n\n\n<p><a href=\"https:\/\/www.youtube.com\/channel\/UC1Eu8TwuKB_akNQELQN1GiA\/videos?sort=dd&amp;view=0&amp;shelf_id=0\" target=\"_blank\" rel=\"noreferrer noopener\">Clique aqui<\/a> para acessar as aulas dispon\u00edveis.<\/p>\n\n\n\n<p>Aten\u00e7\u00e3o: alunos da modalidade remota devem acompanhar a aula durante o dia e hor\u00e1rio da aula presencial para garantir seu registro de presen\u00e7a e o acesso ao Moodle para desenvolvimento das atividades did\u00e1ticas.<\/p>\n\n\n\n<p>&nbsp;<\/p>\n\n\n\n<p>[CANCELAMENTO DE MATR\u00cdCULA] O pedido de cancelamento de matr\u00edcula deve ser feito EXCLUSIVAMENTE pelo discente atrav\u00e9s do SIGA at\u00e9 a data limite de 50% do total de aulas. <strong>Limite para cancelamento de matr\u00edculas 2018.1: 16\/05\/2018<\/strong>.<\/p>\n\n\n\n<p>&nbsp;<\/p>\n\n\n\n<p>[D\u00daVIDAS FREQUENTES] Para acessar as respostas para as d\u00favidas frequentes referentes \u00e0 Disciplina Transversal M\u00e9todos Estat\u00edsticos em Pesquisa Cient\u00edfica, copie e cole o seguinte endere\u00e7o em seu navegador: <a href=\"https:\/\/goo.gl\/VuMorP\" target=\"_blank\" rel=\"noreferrer noopener\">https:\/\/goo.gl\/VuMorP<\/a><\/p>\n\n\n\n<p>&nbsp;<\/p>\n\n\n\n<p>D\u00favidas: transversal@ufpr.br<\/p>\n\n\n\n<hr class=\"wp-block-separator has-alpha-channel-opacity\"\/>\n\n\n\n<p>Atualiza\u00e7\u00e3o: 04.04.2018<\/p>\n\n\n\n<p>&nbsp;<\/p>\n\n\n\n<p>[<strong>PRESEN\u00c7A<\/strong>] A universidade experimentou s\u00e9rios problemas com sua rede de dados &#8211; os quais s\u00e3o alheios a nossa vontade. Os esfor\u00e7os da equipe do CCE permitiram que o sistema fosse retomado na metade\/final da tarde. Desta forma <strong>a frequ\u00eancia n\u00e3o ser\u00e1 contabilizada na data de 04\/04\/2018<\/strong>. Esperamos que todas as atividades estejam restabelecidas nos pr\u00f3ximos encontros.<\/p>\n\n\n\n<p>&nbsp;<\/p>\n\n\n\n<p>[PROBLEMAS DE ACESSO \/ CHAMADA] <strong>Entre em contato com o programa de p\u00f3s-gradua\u00e7\u00e3o a que est\u00e1 matriculado\/credenciado: o <span style=\"text-decoration: underline;\">pr\u00f3prio PPG abrir\u00e1 um chamado no SIGA<\/span>&nbsp;explicando&nbsp; o problema e solicitando a regulariza\u00e7\u00e3o.<\/strong><\/p>\n\n\n\n<p>&nbsp;<\/p>\n\n\n\n<hr class=\"wp-block-separator has-alpha-channel-opacity\"\/>\n\n\n\n<p>Acesso \u00e0 modalidade remota<\/p>\n\n\n\n<p>Para o acesso remoto \u00e0\u00a0Disciplina Transversal de M\u00e9todos Estat\u00edsticos em Pesquisa Cient\u00edfica,\u00a0copie e cole o seguinte endere\u00e7o em seu navegador:\u00a0http:\/\/200.17.247.224<\/p>\n\n\n\n<p>Certifique-se de garantir conex\u00e3o de alta velocidade, preferencialmente atrav\u00e9s de cabeamento (evitando utilizar wifi).<\/p>\n\n\n\n<p>Acesse abaixo as respostas para as d\u00favidas frequentes referentes \u00e0 Disciplina Transversal M\u00e9todos Estat\u00edsticos em Pesquisa Cient\u00edfica.<\/p>\n\n\n\n<p>&nbsp;<\/p>\n\n\n\n<hr class=\"wp-block-separator has-alpha-channel-opacity\"\/>\n\n\n\n<p><strong>AJUSTE DE MATR\u00cdCULA<\/strong><\/p>\n\n\n\n<p>Para solicita\u00e7\u00f5es de ajuste de matr\u00edcula na Disciplina Transversal de M\u00e9todos Estat\u00edsticos em Pesquisa Cient\u00edfica,\u00a0mudan\u00e7a de modalidade (presencial para remota ou vice-versa),\u00a0 cancelamento,\u00a0ou\u00a0inscri\u00e7\u00e3o tardia para eventuais vagas remanescentes, preencha sua solicita\u00e7\u00e3o EXCLUSIVAMENTE atrav\u00e9s do link:\u00a0<a href=\"https:\/\/goo.gl\/forms\/MqqxY0jYPppSEjP63\" target=\"_blank\" rel=\"noreferrer noopener\">https:\/\/goo.gl\/forms\/MqqxY0jYPppSEjP63<\/a>.<\/p>\n\n\n\n<p>O ajuste de matr\u00edcula acontecer\u00e1 at\u00e9 o dia 27\/03\/2018. A equipe t\u00e9cnica do SIGA verificar\u00e1 a possibilidade de atender as demandas. Voc\u00ea receber\u00e1 uma mensagem com a c\u00f3pia de sua solicita\u00e7\u00e3o no e-mail cadastrado. Ap\u00f3s, todos ser\u00e3o comunicados do deferimento ou indeferimento de sua solicita\u00e7\u00e3o atrav\u00e9s do e-mail cadastrado no formul\u00e1rio.<\/p>\n\n\n\n<p>D\u00favidas: transversal@ufpr.br<\/p>\n\n\n\n<hr class=\"wp-block-separator has-alpha-channel-opacity\"\/>\n\n\n\n<p><strong>COMUNICADO 21.03.2018<\/strong><\/p>\n\n\n\n<p>Como v\u00e1rios inscritos tiveram <span style=\"text-decoration: underline;\">dificuldade de acesso<\/span>, recomendamos que os interessados compare\u00e7am no primeiro dia da disciplina independente da modalidade (ou seja, inclusive os alunos que optaram pela modalidade remota), para garantir a matr\u00edcula e regularizar seus acessos com o aux\u00edlio da equipe t\u00e9cnica.&nbsp;<strong>Entretanto, o n\u00e3o comparecimento <span style=\"text-decoration: underline;\">n\u00e3o significa que perder\u00e3o a vaga<\/span>.<\/strong><\/p>\n\n\n\n<p><strong>Alunos da modalidade remota de campus fora de Curitiba (Palotina, CEM, etc), est\u00e3o dispensados deste comparecimento.<\/strong><\/p>\n\n\n\n<p>Aula inaugural: 21 de mar\u00e7o de 2018 (quarta-feira) das 14h as 18h<\/p>\n\n\n\n<p>Local: Audit\u00f3rio Professor Ulysses de Campos \u2013 Setor de Ci\u00eancias Sociais Aplicadas (Av. Prefeito Loth\u00e1rio Meissner, 632 \u2013 Campus Bot\u00e2nico)<\/p>\n\n\n\n<p>D\u00favidas: transversal@ufpr.br<\/p>\n\n\n\n<hr class=\"wp-block-separator has-alpha-channel-opacity\"\/>\n\n\n\n<p>Acesse aqui o cronograma previsto para as aulas:<\/p>\n\n\n\n<p><a href=\"https:\/\/ufpr.br\/propg\/cronograma-disciplina-transversal-metodos-estatisticos-em-pesquisa-cientifica\/\" target=\"_blank\" rel=\"noreferrer noopener\"><strong>[Cronograma ] Disciplina Transversal M\u00e9todos Estat\u00edsticos em Pesquisa Cient\u00edfica<\/strong><\/a><\/p>\n\n\n\n<p>&nbsp;<\/p>\n\n\n\n<hr class=\"wp-block-separator has-alpha-channel-opacity\"\/>\n\n\n\n<p>Acesse aqui as respostas para as <strong>D\u00favidas frequentes<\/strong> sobre Disciplina transversal de M\u00e9todos Estat\u00edsticos em Pesquisa Cient\u00edfica:<\/p>\n\n\n\n<p><a href=\"https:\/\/ufpr.br\/propg\/duvidas-frequentes-disciplina-transversal-de-metodos-estatisticos-em-pesquisa-cientifica\/\" target=\"_blank\" rel=\"noreferrer noopener\"><strong>[D\u00favidas frequentes] Disciplina transversal de M\u00e9todos Estat\u00edsticos em Pesquisa Cient\u00edfica<\/strong><\/a><\/p>\n\n\n\n<p>&nbsp;<\/p>\n\n\n\n<hr class=\"wp-block-separator has-alpha-channel-opacity\"\/>\n\n\n\n<p>Acesse aqui a not\u00edcia completa:<\/p>\n\n\n\n<p><a href=\"http:\/\/www.ufpr.br\/portalufpr\/noticias\/ufpr-lanca-disciplina-transversal-de-metodos-estatisticos-em-pesquisa-cientifica-inscricoes-vao-ate-o-dia-16\/\" target=\"_blank\" rel=\"noreferrer noopener\"><strong>UFPR lan\u00e7a disciplina transversal de M\u00e9todos Estat\u00edsticos em Pesquisa Cient\u00edfica; inscri\u00e7\u00f5es v\u00e3o at\u00e9 o dia 16<\/strong><\/a><\/p>\n\n\n\n<p>&nbsp;<\/p>\n\n\n\n<hr class=\"wp-block-separator has-alpha-channel-opacity\"\/>\n\n\n\n<p>&nbsp;<\/p>\n\n\n\n<p>&nbsp; &nbsp; &nbsp; &nbsp; &nbsp; &nbsp;<span style=\"color: #000000;\"> Em 2017, a Pr\u00f3-Reitoria de Pesquisa e P\u00f3s-Gradua\u00e7\u00e3o (PRPPG)&nbsp;lan\u00e7ou, com bastante sucesso, a primeira disciplina transversal denominada Escrita Cient\u00edfica em L\u00edngua Inglesa que pertence a um conjunto de disciplinas comuns a v\u00e1rios programas de p\u00f3s-gradua\u00e7\u00e3o.<\/span><\/p>\n\n\n\n<p><span style=\"color: #000000;\">&nbsp;&nbsp;&nbsp;&nbsp;&nbsp;&nbsp;&nbsp;&nbsp;&nbsp;&nbsp;&nbsp; Em 2018, a PRPPG continuar\u00e1 a ofertar outras disciplinas desta mesma natureza. A disciplina de <strong>M\u00e9todos Estat\u00edsticos em Pesquisa Cient\u00edfica<\/strong> ser\u00e1 ofertada no primeiro semestre de 2018, conforme detalhamento abaixo. O programa da disciplina foi elaborado para melhorar a interdisciplinaridade, ajudar na prepara\u00e7\u00e3o dos p\u00f3s-graduandos da UFPR para melhor entendimento de ferramentas de an\u00e1lise e conhecimentos que possam contribuir para uma s\u00f3lida forma\u00e7\u00e3o cient\u00edfica-metodol\u00f3gica.<\/span><\/p>\n\n\n\n<p><span style=\"color: #000000;\">&nbsp;&nbsp;&nbsp;&nbsp;&nbsp;&nbsp;&nbsp;&nbsp;&nbsp;&nbsp;&nbsp; O programa desta disciplina objetiva promover o pensar acad\u00eamico formativo que possa auxiliar no entendimento de conceitos voltados para a resolu\u00e7\u00e3o de quest\u00f5es de pesquisa sem, no entanto, fornecer solu\u00e7\u00e3o e an\u00e1lise direta de projetos individuais de pesquisa. O Departamento de Estat\u00edstica fornece projetos de suporte aos estudos dos p\u00f3s-graduandos para aqueles que desejem apoio espec\u00edfico, o que est\u00e1 al\u00e9m dos objetivos desta disciplina transversal. O curso ser\u00e1 coordenado pelo Prof. <strong>Dr. Paulo Justiniano Ribeiro Junior<\/strong>, do Departamento de Estat\u00edstica da UFPR e Coordenador do LEG &#8211; Laborat\u00f3rio de Estat\u00edstica e Geoinforma\u00e7\u00e3o. O curso contar\u00e1 ainda com participa\u00e7\u00e3o de outros docentes e convidados.<\/span><\/p>\n\n\n\n<p><span style=\"color: #000000;\"><strong>Como fazer a inscri\u00e7\u00e3o<\/strong><\/span><\/p>\n\n\n\n<p><span style=\"color: #000000;\">&nbsp;&nbsp;&nbsp;&nbsp;&nbsp;&nbsp;&nbsp;&nbsp;&nbsp;&nbsp;&nbsp; Para participar, os alunos regularmente matriculados nos programas de p\u00f3s-gradua\u00e7\u00e3o dever\u00e3o efetuar sua inscri\u00e7\u00e3o exclusivamente no sistema SIGA (portal do aluno), de acordo com o calend\u00e1rio e diretrizes abaixo.<\/span><\/p>\n\n\n\n<p><span style=\"color: #000000;\">&nbsp;&nbsp;&nbsp;&nbsp;&nbsp;&nbsp;&nbsp;&nbsp;&nbsp;&nbsp;&nbsp; O <strong>aluno regularmente matriculado \u00e0 p\u00f3s-gradua\u00e7\u00e3o<\/strong> que quiser cursar a disciplina dever\u00e1 acessar o portal do aluno, observar as &#8221;disciplinas dispon\u00edveis&#8221; e selecionar a disciplina de interesse, solicitando a matr\u00edcula.<\/span><\/p>\n\n\n\n<p><span style=\"color: #000000;\">&nbsp;&nbsp;&nbsp;&nbsp;&nbsp;&nbsp;&nbsp;&nbsp;&nbsp;&nbsp;&nbsp; O <strong>docente credenciado na p\u00f3s-gradua\u00e7\u00e3o<\/strong>&nbsp;que tiver interesse em se inscrever como aluno desta disciplina, dever\u00e1 acessar o portal do SIGA no menu &#8221;Disciplinas&#8221;.<\/span><\/p>\n\n\n\n<p>&nbsp;<\/p>\n\n\n\n<blockquote class=\"wp-block-quote is-layout-flow wp-block-quote-is-layout-flow\">\n<p><span style=\"color: #000000;\"><strong>Disciplina Transversal: M\u00e9todos Estat\u00edsticos em Pesquisa Cient\u00edfica<\/strong><\/span><\/p>\n\n\n\n<p><span style=\"color: #000000;\"><strong>P\u00fablico alvo<\/strong>: alunos regularmente matriculados na p\u00f3s-gradua\u00e7\u00e3o e docentes credenciados na p\u00f3s-gradua\u00e7\u00e3o da UFPR<\/span><\/p>\n\n\n\n<p><span style=\"color: #000000;\">Vagas na modalidade <strong>presencial<\/strong>: 200 vagas<\/span><\/p>\n\n\n\n<p><span style=\"color: #000000;\">Vagas na modalidade <strong>remota<\/strong>: 200 vagas<\/span><\/p>\n\n\n\n<p><span style=\"color: #000000;\">Inscri\u00e7\u00f5es (por ordem de inscri\u00e7\u00e3o): de 7 a 16 de mar\u00e7o<\/span><\/p>\n\n\n\n<p><span style=\"color: #000000;\">Homologa\u00e7\u00e3o das inscri\u00e7\u00f5es: 19 de mar\u00e7o<\/span><\/p>\n\n\n\n<p><span style=\"color: #000000;\">In\u00edcio das aulas: <strong>21 de mar\u00e7o<\/strong><\/span><\/p>\n\n\n\n<p><span style=\"color: #000000;\">Dura\u00e7\u00e3o:&nbsp;<strong>21\/03 a 11\/07\/2018 <\/strong>(tardes de quarta-feira, das 14h as 18h)<\/span><\/p>\n\n\n\n<p><span style=\"color: #000000;\"><strong>Local<\/strong>: Audit\u00f3rio Professor Ulysses de Campos, Setor de Ci\u00eancias Sociais aplicadas, <strong>Campus Bot\u00e2nico<\/strong>.<\/span><\/p>\n\n\n\n<p><span style=\"color: #000000;\"><strong>Requisitos<\/strong>: Para a execu\u00e7\u00e3o das atividades presenciais da disciplina e avalia\u00e7\u00e3o, os alunos dever\u00e3o levar notebook, pads ou celular. Os alunos que optarem pela modalidade remota dever\u00e3o garantir uma boa velocidade de acesso (na fase de inscri\u00e7\u00e3o ser\u00e3o fornecidos par\u00e2metros).<\/span><\/p>\n\n\n\n<p><span style=\"color: #000000; background-color: #99ccff;\"><strong>ATEN\u00c7\u00c3O: Ap\u00f3s a homologa\u00e7\u00e3o da inscri\u00e7\u00e3o n\u00e3o haver\u00e1 possibilidade de troca de modalidade na disciplina (remota \/ presencial<\/strong>).<\/span><\/p>\n<\/blockquote>\n\n\n\n<p><span style=\"color: #000000;\"><strong>&nbsp;<\/strong><\/span><\/p>\n\n\n\n<p><span style=\"color: #000000;\"><strong>&nbsp;<\/strong><\/span><\/p>\n\n\n\n<p><span style=\"color: #000000;\"><strong>M\u00e9todos estat\u00edsticos em pesquisa cient\u00edfica<\/strong><\/span><\/p>\n\n\n\n<p><span style=\"color: #000000;\">&nbsp;&nbsp;&nbsp;&nbsp;&nbsp;&nbsp;&nbsp;&nbsp;&nbsp;&nbsp;&nbsp; O uso de m\u00e9todos estat\u00edsticos \u00e9 largamente disseminado nas diversas \u00e1reas do conhecimento cient\u00edfico. A avalia\u00e7\u00e3o de chances e riscos, a sumariza\u00e7\u00e3o de dados, desde esparsos a abundantes, e a modelagem de estruturas que possam explicar o comportamento de observa\u00e7\u00f5es e estimar estados de sistemas, s\u00e3o elementos frequentemente necess\u00e1rios nos processos de pesquisa cient\u00edfica. Soma-se ainda o reconhecimento da exist\u00eancia e necessidade de quantifica\u00e7\u00e3o de incertezas em resultados baseados em an\u00e1lises de dados.<\/span><\/p>\n\n\n\n<p><span style=\"color: #000000;\">&nbsp;&nbsp;&nbsp;&nbsp;&nbsp;&nbsp;&nbsp;&nbsp;&nbsp;&nbsp;&nbsp; Desta forma, m\u00e9todos estat\u00edsticos, fundamentados em conceitos de probabilidades, constituem importante ferramental no trabalho de pesquisadores. Uma s\u00e9rie de m\u00e9todos e procedimentos tiveram uso consagrado nas \u00faltimas d\u00e9cadas. O desenvolvimento de ambientes computacionais em muito contribuiu para a dissemina\u00e7\u00e3o do conhecimento e uso das metodologias. A capacidade de processamento e os aprofundamentos das quest\u00f5es e especificidades em cada \u00e1rea tamb\u00e9m estimulou mais recentemente um desenvolvimento acelerado e, muitas vezes, especializado em certas \u00e1reas, das metodologias. Neste contexto a simples ado\u00e7\u00e3o, como em um receitu\u00e1rio, de um ou outro m\u00e9todo para conduzir an\u00e1lises torna-se, muitas vezes, insuficiente.<\/span><\/p>\n\n\n\n<p><span style=\"color: #000000;\">&nbsp;&nbsp;&nbsp;&nbsp;&nbsp;&nbsp;&nbsp;&nbsp;&nbsp;&nbsp;&nbsp; A proposta do curso \u00e9 oferecer a alunos de p\u00f3s-gradua\u00e7\u00e3o da UPFR como um todo uma apresenta\u00e7\u00e3o de t\u00f3picos fundamentais da \u00e1rea com \u00eanfase na interpreta\u00e7\u00e3o e intui\u00e7\u00e3o para os conceitos e m\u00e9todos.<\/span><\/p>\n\n\n\n<p><span style=\"color: #000000;\">&nbsp;&nbsp;&nbsp;&nbsp;&nbsp;&nbsp;&nbsp;&nbsp;&nbsp;&nbsp;&nbsp; Sem focar em nenhuma \u00e1rea espec\u00edfica do conhecimento, sen\u00e3o para exemplos ilustrativos, busca-se promover um ambiente de intera\u00e7\u00e3o e debate entre os participantes. Combina-se a apresenta\u00e7\u00e3o de conceitos fundamentais com a discuss\u00e3o de situa\u00e7\u00f5es problemas, por vezes envolvendo procedimentos especializados. Em tais casos a discuss\u00e3o dos m\u00e9todos em quest\u00e3o \u00e9 feita sem \u00eanfase nos aspectos t\u00e9cnicos, mas priorizando a ilustra\u00e7\u00e3o de como o &#8220;pensamento estat\u00edstico&#8221; contribui para a qualificar discuss\u00f5es e com o aprendizado a partir de dados nos contextos considerados.<\/span><\/p>\n\n\n\n<p>&nbsp;<\/p>\n\n\n\n<p>&nbsp;<\/p>\n\n\n\n<p><\/p>\n","protected":false},"excerpt":{"rendered":"<p>[ACESSO REMOTO] Para o acesso remoto \u00e0 Disciplina Transversal de M\u00e9todos Estat\u00edsticos em Pesquisa Cient\u00edfica, copie e cole o seguinte endere\u00e7o em seu navegador: http:\/\/200.17.247.224Certifique-se de garantir conex\u00e3o de alta velocidade, preferencialmente atrav\u00e9s de cabeamento (evitando utilizar redes sem fio). &nbsp; [AULAS ANTERIORES]\u00a0Para alunos matriculados na modalidade remota \u00e9 necess\u00e1rio assistir as aulas no mesmo [&hellip;]<\/p>\n","protected":false},"author":16,"featured_media":0,"comment_status":"open","ping_status":"open","sticky":false,"template":"","format":"standard","meta":{"footnotes":""},"categories":[386],"tags":[],"class_list":["post-14092","post","type-post","status-publish","format-standard","hentry","category-mestrado-e-doutorado"],"_links":{"self":[{"href":"https:\/\/ufpr.br\/propg\/wp-json\/wp\/v2\/posts\/14092","targetHints":{"allow":["GET"]}}],"collection":[{"href":"https:\/\/ufpr.br\/propg\/wp-json\/wp\/v2\/posts"}],"about":[{"href":"https:\/\/ufpr.br\/propg\/wp-json\/wp\/v2\/types\/post"}],"author":[{"embeddable":true,"href":"https:\/\/ufpr.br\/propg\/wp-json\/wp\/v2\/users\/16"}],"replies":[{"embeddable":true,"href":"https:\/\/ufpr.br\/propg\/wp-json\/wp\/v2\/comments?post=14092"}],"version-history":[{"count":4,"href":"https:\/\/ufpr.br\/propg\/wp-json\/wp\/v2\/posts\/14092\/revisions"}],"predecessor-version":[{"id":18399,"href":"https:\/\/ufpr.br\/propg\/wp-json\/wp\/v2\/posts\/14092\/revisions\/18399"}],"wp:attachment":[{"href":"https:\/\/ufpr.br\/propg\/wp-json\/wp\/v2\/media?parent=14092"}],"wp:term":[{"taxonomy":"category","embeddable":true,"href":"https:\/\/ufpr.br\/propg\/wp-json\/wp\/v2\/categories?post=14092"},{"taxonomy":"post_tag","embeddable":true,"href":"https:\/\/ufpr.br\/propg\/wp-json\/wp\/v2\/tags?post=14092"}],"curies":[{"name":"wp","href":"https:\/\/api.w.org\/{rel}","templated":true}]}}