{"id":14070,"date":"2018-03-21T12:20:53","date_gmt":"2018-03-21T15:20:53","guid":{"rendered":"https:\/\/ufpr.br\/processo-seletivo-doutorado-em-meio-ambiente-segundo-semestre"},"modified":"2025-11-28T14:58:45","modified_gmt":"2025-11-28T17:58:45","slug":"processo-seletivo-doutorado-em-meio-ambiente-segundo-semestre","status":"publish","type":"post","link":"https:\/\/ufpr.br\/propg\/processo-seletivo-doutorado-em-meio-ambiente-segundo-semestre\/","title":{"rendered":"[Processo Seletivo] Doutorado em Meio Ambiente &#8211; segundo semestre"},"content":{"rendered":"\n<p>Est\u00e1 aberto o processo seletivo para doutorado em Meio Ambiente para in\u00edcio em 2018.2 (segundo semestre).<br>As inscri\u00e7\u00f5es para o processo seletivo ser\u00e3o realizadas de 05 a 30 de abril de 2018.<br>Confira o edital e todas as informa\u00e7\u00f5es sobre o processo seletivo na p\u00e1gina do programa:&nbsp;<a href=\"http:\/\/www.ppgmeioambiente.uerj.br\/\" target=\"_blank\" rel=\"noopener\">www.ppgmeioambiente.uerj.br<\/a><\/p>\n\n\n\n<p><\/p>\n","protected":false},"excerpt":{"rendered":"<p>Est\u00e1 aberto o processo seletivo para doutorado em Meio Ambiente para in\u00edcio em 2018.2 (segundo semestre).As inscri\u00e7\u00f5es para o processo seletivo ser\u00e3o realizadas de 05 a 30 de abril de 2018.Confira o edital e todas as informa\u00e7\u00f5es sobre o processo seletivo na p\u00e1gina do programa:&nbsp;www.ppgmeioambiente.uerj.br<\/p>\n","protected":false},"author":16,"featured_media":0,"comment_status":"open","ping_status":"open","sticky":false,"template":"","format":"standard","meta":{"footnotes":""},"categories":[381,386],"tags":[],"class_list":["post-14070","post","type-post","status-publish","format-standard","hentry","category-editais-e-processos-seletivos","category-mestrado-e-doutorado"],"_links":{"self":[{"href":"https:\/\/ufpr.br\/propg\/wp-json\/wp\/v2\/posts\/14070","targetHints":{"allow":["GET"]}}],"collection":[{"href":"https:\/\/ufpr.br\/propg\/wp-json\/wp\/v2\/posts"}],"about":[{"href":"https:\/\/ufpr.br\/propg\/wp-json\/wp\/v2\/types\/post"}],"author":[{"embeddable":true,"href":"https:\/\/ufpr.br\/propg\/wp-json\/wp\/v2\/users\/16"}],"replies":[{"embeddable":true,"href":"https:\/\/ufpr.br\/propg\/wp-json\/wp\/v2\/comments?post=14070"}],"version-history":[{"count":3,"href":"https:\/\/ufpr.br\/propg\/wp-json\/wp\/v2\/posts\/14070\/revisions"}],"predecessor-version":[{"id":18375,"href":"https:\/\/ufpr.br\/propg\/wp-json\/wp\/v2\/posts\/14070\/revisions\/18375"}],"wp:attachment":[{"href":"https:\/\/ufpr.br\/propg\/wp-json\/wp\/v2\/media?parent=14070"}],"wp:term":[{"taxonomy":"category","embeddable":true,"href":"https:\/\/ufpr.br\/propg\/wp-json\/wp\/v2\/categories?post=14070"},{"taxonomy":"post_tag","embeddable":true,"href":"https:\/\/ufpr.br\/propg\/wp-json\/wp\/v2\/tags?post=14070"}],"curies":[{"name":"wp","href":"https:\/\/api.w.org\/{rel}","templated":true}]}}