{"id":14065,"date":"2023-01-20T09:46:46","date_gmt":"2023-01-20T12:46:46","guid":{"rendered":"https:\/\/ufpr.br\/calendario-coleta-capes-2023-ano-base-2021-e-2022"},"modified":"2025-12-02T09:17:56","modified_gmt":"2025-12-02T12:17:56","slug":"calendario-coleta-capes-2023-ano-base-2021-e-2022","status":"publish","type":"post","link":"https:\/\/ufpr.br\/propg\/calendario-coleta-capes-2023-ano-base-2021-e-2022\/","title":{"rendered":"Calend\u00e1rio Coleta Capes 2023 (ano base 2021 e 2022)"},"content":{"rendered":"\n<p><em>*Postagem atualizada em 23\/03\/2023<\/em><\/p>\n\n\n\n<p>A Capes publicou a portaria n\u00ba50\/2023, que altera a portaria n\u00ba312\/2022, prorrogando o prazo para envio dos dados do ano base 2021. Permanece o mesmo prazo para envio dos dados do ano base 2022<\/p>\n\n\n\n<p>Prazos Coleta Capes da portaria n\u00ba 50\/2023:<\/p>\n\n\n\n<figure class=\"wp-block-image size-full\"><img decoding=\"async\" src=\"https:\/\/ufpr.br\/propg\/wp-content\/uploads\/2024\/11\/portaria502023-calendario.png\" alt=\"\" class=\"wp-image-4244\"\/><\/figure>\n\n\n\n<div style=\"height:25px\" aria-hidden=\"true\" class=\"wp-block-spacer\"><\/div>\n\n\n\n<ul class=\"wp-block-list\">\n<li><a href=\"http:\/\/cad.capes.gov.br\/ato-administrativo-detalhar?idAtoAdmElastic=10502#anchor\" target=\"_blank\" rel=\"noopener\">Portaria n\u00ba 312, de 28 de Dezembro de 2022<\/a>: Estabelece o Calend\u00e1rio de atividades da avalia\u00e7\u00e3o da p\u00f3s-gradua\u00e7\u00e3o stricto sensu para o ano de 2023 (<strong>alterada<\/strong> pela portaria n\u00b050\/2023).\n<ul class=\"wp-block-list\">\n<li><a href=\"https:\/\/ufpr.br\/propg\/wp-content\/uploads\/2024\/11\/portaria-50_prorr-coleta-2021.pdf\" target=\"_blank\" rel=\"noreferrer noopener\">Portaria n\u00b050\/2023<\/a>: Altera a Portaria Capes n\u00ba 312, de 28 de dezembro de 2022.<\/li>\n\n\n\n<li><a href=\"https:\/\/ufpr.br\/propg\/wp-content\/uploads\/2024\/11\/oficio_circular_1939343.pdf\" target=\"_blank\" rel=\"noreferrer noopener\">Of\u00edcio Circular n\u00ba 12\/2023-DAV\/CAPES<\/a>: Altera\u00e7\u00e3o da Portaria Capes n\u00ba 312\/2022 \u2013 Calend\u00e1rio do Coleta, ano base 2021<\/li>\n<\/ul>\n<\/li>\n\n\n\n<li><a href=\"https:\/\/ufpr.br\/propg\/wp-content\/uploads\/2025\/10\/oficio_circular_coleta_21-24-1.pdf\" target=\"_blank\" rel=\"noreferrer noopener\">Of\u00edcio Circular no 1\/2023-DAV\/CAPES<\/a>: Esclarecimentos adicionais sobre a Portaria Capes no 312\/2022, acerca do calend\u00e1rio do Coleta 2023<\/li>\n\n\n\n<li><a href=\"https:\/\/uploads.capes.gov.br\/files\/Oficio-Circular-n76-2022-DAV-CAPES.pdf\" target=\"_blank\" rel=\"noreferrer noopener\">Of\u00edcio Circular n\u00ba 76\/2022-DAV\/CAPES<\/a>: Divulga\u00e7\u00e3o da Portaria Capes n\u00ba 312, de 28 de dezembro de 2022-Calend\u00e1rio 2023.&#8217;<\/li>\n<\/ul>\n\n\n\n<div style=\"height:25px\" aria-hidden=\"true\" class=\"wp-block-spacer\"><\/div>\n\n\n\n<p>Do of\u00edcio Circular 01\/2023-DAV\/CAPES, destacamos:<\/p>\n\n\n\n<blockquote class=\"wp-block-quote is-layout-flow wp-block-quote-is-layout-flow\">\n<p>[&#8230;]<strong>O<em>&nbsp;formul\u00e1rio para o preenchimento da proposta do programa somente precisar\u00e1 ser preenchido para o \u00faltimo ano do quadri\u00eanio e ser\u00e1 disponibilizado posteriormente<\/em><\/strong><em>, ent\u00e3o deixar\u00e1 de ser um requisito para o envio do Coleta pelos coordenadores de programa nos anos de 2021, 2022 e 2023.[&#8230;]<\/em><\/p>\n\n\n\n<figure data-wp-context=\"{&quot;imageId&quot;:&quot;69f708d97e17a&quot;}\" data-wp-interactive=\"core\/image\" class=\"wp-block-image size-full wp-lightbox-container\"><img decoding=\"async\" data-wp-class--hide=\"state.isContentHidden\" data-wp-class--show=\"state.isContentVisible\" data-wp-init=\"callbacks.setButtonStyles\" data-wp-on-async--click=\"actions.showLightbox\" data-wp-on-async--load=\"callbacks.setButtonStyles\" data-wp-on-async-window--resize=\"callbacks.setButtonStyles\" src=\"https:\/\/ufpr.br\/propg\/wp-content\/uploads\/2023\/01\/coletaproposta-1.png\" alt=\"\" class=\"wp-image-36187\"\/><button\n\t\t\tclass=\"lightbox-trigger\"\n\t\t\ttype=\"button\"\n\t\t\taria-haspopup=\"dialog\"\n\t\t\taria-label=\"Ampliar\"\n\t\t\tdata-wp-init=\"callbacks.initTriggerButton\"\n\t\t\tdata-wp-on-async--click=\"actions.showLightbox\"\n\t\t\tdata-wp-style--right=\"state.imageButtonRight\"\n\t\t\tdata-wp-style--top=\"state.imageButtonTop\"\n\t\t>\n\t\t\t<svg xmlns=\"http:\/\/www.w3.org\/2000\/svg\" width=\"12\" height=\"12\" fill=\"none\" viewBox=\"0 0 12 12\">\n\t\t\t\t<path fill=\"#fff\" d=\"M2 0a2 2 0 0 0-2 2v2h1.5V2a.5.5 0 0 1 .5-.5h2V0H2Zm2 10.5H2a.5.5 0 0 1-.5-.5V8H0v2a2 2 0 0 0 2 2h2v-1.5ZM8 12v-1.5h2a.5.5 0 0 0 .5-.5V8H12v2a2 2 0 0 1-2 2H8Zm2-12a2 2 0 0 1 2 2v2h-1.5V2a.5.5 0 0 0-.5-.5H8V0h2Z\" \/>\n\t\t\t<\/svg>\n\t\t<\/button><\/figure>\n\n\n\n<p><em>[&#8230;]7. Em rela\u00e7\u00e3o ao envio de dados em si, ressaltamos que&nbsp;<strong>todos os dados de 2021 poder\u00e3o ser revistos, ainda que j\u00e1 tenham sido enviados no Coleta realizado no primeiro semestre de 2022<\/strong>. Al\u00e9m disso, tomando como base a experi\u00eancia do Coleta autom\u00e1tica de 2022, decidiu-se por disponibilizar a ferramenta de \u201cVerifica\u00e7\u00e3o de pend\u00eancias\u201d durante todo o per\u00edodo e retornar a op\u00e7\u00e3o de \u201cEnvio\u201d para os Coordenadores de PPG. Caso algum PPG n\u00e3o envie o Coleta at\u00e9 a data limite, a Plataforma Sucupira ir\u00e1 realizar uma \u00fanica coleta autom\u00e1tica, de forma a disponibilizar os dados para as Pr\u00f3-Reitorias homologarem.[&#8230;]<\/em><\/p>\n<\/blockquote>\n\n\n\n<div style=\"height:25px\" aria-hidden=\"true\" class=\"wp-block-spacer\"><\/div>\n\n\n\n<p>Ressaltamos ainda que&nbsp;<strong>em 2023 a PRPPG\/CPGSS n\u00e3o criar\u00e1 um calend\u00e1rio interno para envio dos dados do Coleta pelos PPG (ano base 2021 e 2022)<\/strong>, considerando que n\u00e3o h\u00e1 uma sobreposi\u00e7\u00e3o dos prazos para registro e envio dos dados pelo PPG e homologa\u00e7\u00e3o pela Pr\u00f3-Reitoria. Assim, os PPGs devem seguir os prazos estabelecidos pela Capes na portaria acima mencionada.<\/p>\n\n\n\n<ul class=\"wp-block-list\">\n<li>Tutoriais da Plataforma Sucupira: <a href=\"https:\/\/sites.google.com\/view\/tutorialsucupira\/home\" target=\"_blank\" rel=\"noreferrer noopener\">https:\/\/sites.google.com\/view\/tutorialsucupira\/home<\/a>\u00a0<\/li>\n<\/ul>\n\n\n\n<ul class=\"wp-block-list\">\n<li>Anexo &#8211;\u00a0<a href=\"https:\/\/ufpr.br\/propg\/wp-content\/uploads\/2025\/10\/anexo-i-informacoes-complementares-para-sucupira-coleta-capes.docx\" target=\"_blank\" rel=\"noreferrer noopener\">Informa\u00e7\u00f5es complementares para o Sucupira: sugest\u00e3o para auxiliar os programas de p\u00f3s-gradua\u00e7\u00e3o a organizarem os dados para preenchimento da Plataforma Sucupira<\/a><\/li>\n<\/ul>\n\n\n\n<div style=\"height:25px\" aria-hidden=\"true\" class=\"wp-block-spacer\"><\/div>\n\n\n\n<p>Orienta\u00e7\u00f5es sobre Coleta Capes anteriores:\u00a0<a href=\"https:\/\/ufpr.br\/propg\/cpgss\/coleta-capes\/\">https:\/\/ufpr.br\/propg\/cpgss\/coleta-capes\/<\/a><\/p>\n\n\n\n<p><\/p>\n","protected":false},"excerpt":{"rendered":"<p>*Postagem atualizada em 23\/03\/2023 A Capes publicou a portaria n\u00ba50\/2023, que altera a portaria n\u00ba312\/2022, prorrogando o prazo para envio dos dados do ano base 2021. Permanece o mesmo prazo para envio dos dados do ano base 2022 Prazos Coleta Capes da portaria n\u00ba 50\/2023: Do of\u00edcio Circular 01\/2023-DAV\/CAPES, destacamos: Ressaltamos ainda que&nbsp;em 2023 a [&hellip;]<\/p>\n","protected":false},"author":18,"featured_media":0,"comment_status":"open","ping_status":"open","sticky":false,"template":"","format":"standard","meta":{"footnotes":""},"categories":[386],"tags":[],"class_list":["post-14065","post","type-post","status-publish","format-standard","hentry","category-mestrado-e-doutorado"],"_links":{"self":[{"href":"https:\/\/ufpr.br\/propg\/wp-json\/wp\/v2\/posts\/14065","targetHints":{"allow":["GET"]}}],"collection":[{"href":"https:\/\/ufpr.br\/propg\/wp-json\/wp\/v2\/posts"}],"about":[{"href":"https:\/\/ufpr.br\/propg\/wp-json\/wp\/v2\/types\/post"}],"author":[{"embeddable":true,"href":"https:\/\/ufpr.br\/propg\/wp-json\/wp\/v2\/users\/18"}],"replies":[{"embeddable":true,"href":"https:\/\/ufpr.br\/propg\/wp-json\/wp\/v2\/comments?post=14065"}],"version-history":[{"count":11,"href":"https:\/\/ufpr.br\/propg\/wp-json\/wp\/v2\/posts\/14065\/revisions"}],"predecessor-version":[{"id":19131,"href":"https:\/\/ufpr.br\/propg\/wp-json\/wp\/v2\/posts\/14065\/revisions\/19131"}],"wp:attachment":[{"href":"https:\/\/ufpr.br\/propg\/wp-json\/wp\/v2\/media?parent=14065"}],"wp:term":[{"taxonomy":"category","embeddable":true,"href":"https:\/\/ufpr.br\/propg\/wp-json\/wp\/v2\/categories?post=14065"},{"taxonomy":"post_tag","embeddable":true,"href":"https:\/\/ufpr.br\/propg\/wp-json\/wp\/v2\/tags?post=14065"}],"curies":[{"name":"wp","href":"https:\/\/api.w.org\/{rel}","templated":true}]}}