{"id":14028,"date":"2023-01-11T13:28:54","date_gmt":"2023-01-11T16:28:54","guid":{"rendered":"https:\/\/ufpr.br\/processo-seletivo-mestrado-em-engenharia-de-bioprocessos-e-biotecnologia-3"},"modified":"2025-12-02T09:18:05","modified_gmt":"2025-12-02T12:18:05","slug":"processo-seletivo-mestrado-em-engenharia-de-bioprocessos-e-biotecnologia-3","status":"publish","type":"post","link":"https:\/\/ufpr.br\/propg\/processo-seletivo-mestrado-em-engenharia-de-bioprocessos-e-biotecnologia-3\/","title":{"rendered":"[Processo Seletivo] Mestrado em Engenharia de Bioprocessos e Biotecnologia"},"content":{"rendered":"\n<p>*postagem atualizada em 17\/01\/2023 com as novas datas<\/p>\n\n\n\n<figure class=\"wp-block-image size-large\"><img decoding=\"async\" src=\"https:\/\/ufpr.br\/propg\/wp-content\/uploads\/2023\/01\/processo-seletivo-2023-mestrado-ppgebb-1-1024x341.jpg\" alt=\"\" class=\"wp-image-36145\"\/><\/figure>\n\n\n\n<div style=\"height:25px\" aria-hidden=\"true\" class=\"wp-block-spacer\"><\/div>\n\n\n\n<p>Est\u00e1 aberto o processo seletivo para mestrado em Engenharia de Bioprocessos e Biotecnologia para in\u00edcio em Abril de 2023.<\/p>\n\n\n\n<p>As inscri\u00e7\u00f5es estar\u00e3o abertas de<strong>\u00a021\/12\/2022 a 16\/02\/2023<\/strong>, com in\u00edcio das aulas em\u00a0<strong>03 de abril de 2023<\/strong>.<\/p>\n\n\n\n<p>Confira o edital e todas as informa\u00e7\u00f5es sobre o processo seletivo na <a href=\"https:\/\/www.prppg.ufpr.br\/site\/ppgebb\/pb\/processo-seletivo\" target=\"_blank\" rel=\"noreferrer noopener\">p\u00e1gina do programa<\/a>: <a href=\"https:\/\/www.prppg.ufpr.br\/site\/ppgebb\/pb\/processo-seletivo\" target=\"_blank\" rel=\"noopener\">https:\/\/www.prppg.ufpr.br\/site\/ppgebb\/pb\/processo-seletivo<\/a><\/p>\n\n\n\n<p><\/p>\n","protected":false},"excerpt":{"rendered":"<p>*postagem atualizada em 17\/01\/2023 com as novas datas Est\u00e1 aberto o processo seletivo para mestrado em Engenharia de Bioprocessos e Biotecnologia para in\u00edcio em Abril de 2023. As inscri\u00e7\u00f5es estar\u00e3o abertas de\u00a021\/12\/2022 a 16\/02\/2023, com in\u00edcio das aulas em\u00a003 de abril de 2023. Confira o edital e todas as informa\u00e7\u00f5es sobre o processo seletivo na [&hellip;]<\/p>\n","protected":false},"author":16,"featured_media":0,"comment_status":"open","ping_status":"open","sticky":false,"template":"","format":"standard","meta":{"footnotes":""},"categories":[381,386],"tags":[],"class_list":["post-14028","post","type-post","status-publish","format-standard","hentry","category-editais-e-processos-seletivos","category-mestrado-e-doutorado"],"_links":{"self":[{"href":"https:\/\/ufpr.br\/propg\/wp-json\/wp\/v2\/posts\/14028","targetHints":{"allow":["GET"]}}],"collection":[{"href":"https:\/\/ufpr.br\/propg\/wp-json\/wp\/v2\/posts"}],"about":[{"href":"https:\/\/ufpr.br\/propg\/wp-json\/wp\/v2\/types\/post"}],"author":[{"embeddable":true,"href":"https:\/\/ufpr.br\/propg\/wp-json\/wp\/v2\/users\/16"}],"replies":[{"embeddable":true,"href":"https:\/\/ufpr.br\/propg\/wp-json\/wp\/v2\/comments?post=14028"}],"version-history":[{"count":5,"href":"https:\/\/ufpr.br\/propg\/wp-json\/wp\/v2\/posts\/14028\/revisions"}],"predecessor-version":[{"id":19134,"href":"https:\/\/ufpr.br\/propg\/wp-json\/wp\/v2\/posts\/14028\/revisions\/19134"}],"wp:attachment":[{"href":"https:\/\/ufpr.br\/propg\/wp-json\/wp\/v2\/media?parent=14028"}],"wp:term":[{"taxonomy":"category","embeddable":true,"href":"https:\/\/ufpr.br\/propg\/wp-json\/wp\/v2\/categories?post=14028"},{"taxonomy":"post_tag","embeddable":true,"href":"https:\/\/ufpr.br\/propg\/wp-json\/wp\/v2\/tags?post=14028"}],"curies":[{"name":"wp","href":"https:\/\/api.w.org\/{rel}","templated":true}]}}