{"id":14013,"date":"2023-01-03T11:14:16","date_gmt":"2023-01-03T14:14:16","guid":{"rendered":"https:\/\/ufpr.br\/bolsas-pdse-programa-doutorado-sanduiche-no-exterior-capes-para-saidas-em-2023"},"modified":"2025-12-02T09:18:14","modified_gmt":"2025-12-02T12:18:14","slug":"bolsas-pdse-programa-doutorado-sanduiche-no-exterior-capes-para-saidas-em-2023","status":"publish","type":"post","link":"https:\/\/ufpr.br\/propg\/bolsas-pdse-programa-doutorado-sanduiche-no-exterior-capes-para-saidas-em-2023\/","title":{"rendered":"[Bolsas PDSE] Programa Doutorado Sandu\u00edche no Exterior CAPES para sa\u00eddas em 2023"},"content":{"rendered":"\n<div class=\"wp-block-columns is-layout-flex wp-container-core-columns-is-layout-9d6595d7 wp-block-columns-is-layout-flex\">\n<div class=\"wp-block-column is-layout-flow wp-block-column-is-layout-flow\" style=\"flex-basis:40%\">\n<figure class=\"wp-block-image size-large\"><img decoding=\"async\" src=\"https:\/\/ufpr.br\/propg\/wp-content\/uploads\/2023\/01\/pdse-capes-2023-fig-1024x576.jpg\" alt=\"\" class=\"wp-image-36134\"\/><\/figure>\n<\/div>\n\n\n\n<div class=\"wp-block-column is-layout-flow wp-block-column-is-layout-flow\" style=\"flex-basis:60%\">\n<p>Acesse as informa\u00e7\u00f5es sobre o Programa Doutorado Sandu\u00edche no Exterior \u2013 PDSE <span data-contrast=\"auto\">2022 para sa\u00eddas em 2023\u00a0 em\u00a0 <\/span><a href=\"https:\/\/ufpr.br\/propg\/siprop\/editais-e-oportunidades\/pdse-2023\/\">https:\/\/ufpr.br\/propg\/siprop\/editais-e-oportunidades\/pdse-2023\/<\/a><\/p>\n<\/div>\n<\/div>\n\n\n\n<p><\/p>\n","protected":false},"excerpt":{"rendered":"<p>Acesse as informa\u00e7\u00f5es sobre o Programa Doutorado Sandu\u00edche no Exterior \u2013 PDSE 2022 para sa\u00eddas em 2023\u00a0 em\u00a0 https:\/\/ufpr.br\/propg\/siprop\/editais-e-oportunidades\/pdse-2023\/<\/p>\n","protected":false},"author":16,"featured_media":0,"comment_status":"open","ping_status":"open","sticky":false,"template":"","format":"standard","meta":{"footnotes":""},"categories":[381,385,386],"tags":[],"class_list":["post-14013","post","type-post","status-publish","format-standard","hentry","category-editais-e-processos-seletivos","category-internacionalizacao","category-mestrado-e-doutorado"],"_links":{"self":[{"href":"https:\/\/ufpr.br\/propg\/wp-json\/wp\/v2\/posts\/14013","targetHints":{"allow":["GET"]}}],"collection":[{"href":"https:\/\/ufpr.br\/propg\/wp-json\/wp\/v2\/posts"}],"about":[{"href":"https:\/\/ufpr.br\/propg\/wp-json\/wp\/v2\/types\/post"}],"author":[{"embeddable":true,"href":"https:\/\/ufpr.br\/propg\/wp-json\/wp\/v2\/users\/16"}],"replies":[{"embeddable":true,"href":"https:\/\/ufpr.br\/propg\/wp-json\/wp\/v2\/comments?post=14013"}],"version-history":[{"count":5,"href":"https:\/\/ufpr.br\/propg\/wp-json\/wp\/v2\/posts\/14013\/revisions"}],"predecessor-version":[{"id":19135,"href":"https:\/\/ufpr.br\/propg\/wp-json\/wp\/v2\/posts\/14013\/revisions\/19135"}],"wp:attachment":[{"href":"https:\/\/ufpr.br\/propg\/wp-json\/wp\/v2\/media?parent=14013"}],"wp:term":[{"taxonomy":"category","embeddable":true,"href":"https:\/\/ufpr.br\/propg\/wp-json\/wp\/v2\/categories?post=14013"},{"taxonomy":"post_tag","embeddable":true,"href":"https:\/\/ufpr.br\/propg\/wp-json\/wp\/v2\/tags?post=14013"}],"curies":[{"name":"wp","href":"https:\/\/api.w.org\/{rel}","templated":true}]}}