{"id":14009,"date":"2023-01-03T10:16:41","date_gmt":"2023-01-03T13:16:41","guid":{"rendered":"https:\/\/ufpr.br\/avaliacao-capes-divulga-lista-preliminar-do-qualis"},"modified":"2025-12-02T09:18:19","modified_gmt":"2025-12-02T12:18:19","slug":"avaliacao-capes-divulga-lista-preliminar-do-qualis","status":"publish","type":"post","link":"https:\/\/ufpr.br\/propg\/avaliacao-capes-divulga-lista-preliminar-do-qualis\/","title":{"rendered":"[Avalia\u00e7\u00e3o] CAPES divulga lista preliminar do Qualis"},"content":{"rendered":"\n<p><em>Resultados est\u00e3o dispon\u00edveis na Plataforma Sucupira; \u00e9 poss\u00edvel recorrer at\u00e9 19 de janeiro de 2023<\/em><\/p>\n\n\n\n<div style=\"height:25px\" aria-hidden=\"true\" class=\"wp-block-spacer\"><\/div>\n\n\n\n<div class=\"wp-block-columns is-layout-flex wp-container-core-columns-is-layout-9d6595d7 wp-block-columns-is-layout-flex\">\n<div class=\"wp-block-column is-layout-flow wp-block-column-is-layout-flow\" style=\"flex-basis:40%\">\n<figure class=\"wp-block-image size-large\"><img decoding=\"async\" src=\"https:\/\/ufpr.br\/propg\/wp-content\/uploads\/2023\/01\/qualis-preliminar-1024x576.jpg\" alt=\"\" class=\"wp-image-36119\"\/><\/figure>\n<\/div>\n\n\n\n<div class=\"wp-block-column is-layout-flow wp-block-column-is-layout-flow\" style=\"flex-basis:60%\">\n<p>A CAPES publicou nesta quinta-feira, 29 de dezembro, a lista preliminar do Qualis, o sistema de classifica\u00e7\u00e3o de peri\u00f3dicos para a avalia\u00e7\u00e3o de programas de p\u00f3s-gradua\u00e7\u00e3o. Quem quiser consultar deve visitar a Plataforma Sucupira, em&nbsp;<a data-saferedirecturl=\"https:\/\/www.google.com\/url?q=http:\/\/app10.iazn.net\/action\/cli\/2719\/48800\/981774\/981681\/143326&amp;source=gmail&amp;ust=1672837877536000&amp;usg=AOvVaw01aNISIbzkXFoaGlpxUDUR\" href=\"http:\/\/app10.iazn.net\/action\/cli\/2719\/48800\/981774\/981681\/143326\" target=\"_blank\" rel=\"noopener\">https:\/\/sucupira.capes.gov.br\/<\/a>&nbsp;(op\u00e7\u00e3o Qualis). O acesso \u00e9 p\u00fablico, sem necessidade de login.<\/p>\n\n\n\n<p>\u00a0A lista divulgada\u00a0neste fim de ano foi consolidada a partir das apura\u00e7\u00f5es realizadas no \u00e2mbito da\u00a0<a data-saferedirecturl=\"https:\/\/www.google.com\/url?q=http:\/\/app10.iazn.net\/action\/cli\/2719\/48800\/981774\/981681\/143327&amp;source=gmail&amp;ust=1672837877536000&amp;usg=AOvVaw3-X88nGTfuDuNou-q1xeCQ\" href=\"http:\/\/app10.iazn.net\/action\/cli\/2719\/48800\/981774\/981681\/143327\" target=\"_blank\" rel=\"noopener\">Avalia\u00e7\u00e3o Quadrienal 2017-2020<\/a> pelas 49 \u00e1reas de avalia\u00e7\u00e3o. Os dados foram informados e homologados no Coleta ao longo do \u00faltimo quadri\u00eanio.<\/p>\n\n\n\n<p>\u00a0A CAPES ainda esclarece que eventuais titulares de direitos e interesses direta ou indiretamente afetados pelas referidas apura\u00e7\u00f5es poder\u00e3o interpor recurso, com fundamento nos artigos 56 e ss. da Lei n\u00ba 9.784, de 29 de janeiro de 1999, bem como no inciso X do art. 33 do Estatuto da Capes. O prazo segue at\u00e9 19 de janeiro de 2023.<\/p>\n\n\n\n<p>Para recorrer, \u00e9 preciso apresentar fundamentos legais ou regulamentares aptos a justificar a necessidade de revis\u00e3o dos resultados. Os recursos devem ser dirigidos \u00e0 presidente da CAPES e enviados exclusivamente pelo servi\u00e7o de&nbsp;<a href=\"http:\/\/app10.iazn.net\/action\/cli\/2719\/48800\/981774\/981681\/143328\" target=\"_blank\" rel=\"noopener\" data-saferedirecturl=\"https:\/\/www.google.com\/url?q=http:\/\/app10.iazn.net\/action\/cli\/2719\/48800\/981774\/981681\/143328&amp;source=gmail&amp;ust=1672837877536000&amp;usg=AOvVaw1r2bThbS5cDWSnf91LREB3\">Protocolo Digital da Capes<\/a>, sob pena de n\u00e3o serem reconhecidos.<\/p>\n\n\n\n<p>As d\u00favidas ser\u00e3o esclarecidas pelo e-mail&nbsp;<a href=\"http:\/\/app10.iazn.net\/action\/cli\/2719\/48800\/981774\/981681\/143329\" target=\"_blank\" rel=\"noopener\" data-saferedirecturl=\"https:\/\/www.google.com\/url?q=http:\/\/app10.iazn.net\/action\/cli\/2719\/48800\/981774\/981681\/143329&amp;source=gmail&amp;ust=1672837877536000&amp;usg=AOvVaw3l8SxgaTaXWG5VRiIgUFYw\">recursos@capes.gov.br<\/a>.<\/p>\n\n\n\n<p>\u00a0<em>(Bras\u00edlia \u2013 Reda\u00e7\u00e3o CGCOM\/CAPES)<\/em><\/p>\n<\/div>\n<\/div>\n","protected":false},"excerpt":{"rendered":"<p>Resultados est\u00e3o dispon\u00edveis na Plataforma Sucupira; \u00e9 poss\u00edvel recorrer at\u00e9 19 de janeiro de 2023 A CAPES publicou nesta quinta-feira, 29 de dezembro, a lista preliminar do Qualis, o sistema de classifica\u00e7\u00e3o de peri\u00f3dicos para a avalia\u00e7\u00e3o de programas de p\u00f3s-gradua\u00e7\u00e3o. Quem quiser consultar deve visitar a Plataforma Sucupira, em&nbsp;https:\/\/sucupira.capes.gov.br\/&nbsp;(op\u00e7\u00e3o Qualis). O acesso \u00e9 p\u00fablico, [&hellip;]<\/p>\n","protected":false},"author":16,"featured_media":0,"comment_status":"open","ping_status":"open","sticky":false,"template":"","format":"standard","meta":{"footnotes":""},"categories":[386],"tags":[],"class_list":["post-14009","post","type-post","status-publish","format-standard","hentry","category-mestrado-e-doutorado"],"_links":{"self":[{"href":"https:\/\/ufpr.br\/propg\/wp-json\/wp\/v2\/posts\/14009","targetHints":{"allow":["GET"]}}],"collection":[{"href":"https:\/\/ufpr.br\/propg\/wp-json\/wp\/v2\/posts"}],"about":[{"href":"https:\/\/ufpr.br\/propg\/wp-json\/wp\/v2\/types\/post"}],"author":[{"embeddable":true,"href":"https:\/\/ufpr.br\/propg\/wp-json\/wp\/v2\/users\/16"}],"replies":[{"embeddable":true,"href":"https:\/\/ufpr.br\/propg\/wp-json\/wp\/v2\/comments?post=14009"}],"version-history":[{"count":4,"href":"https:\/\/ufpr.br\/propg\/wp-json\/wp\/v2\/posts\/14009\/revisions"}],"predecessor-version":[{"id":19137,"href":"https:\/\/ufpr.br\/propg\/wp-json\/wp\/v2\/posts\/14009\/revisions\/19137"}],"wp:attachment":[{"href":"https:\/\/ufpr.br\/propg\/wp-json\/wp\/v2\/media?parent=14009"}],"wp:term":[{"taxonomy":"category","embeddable":true,"href":"https:\/\/ufpr.br\/propg\/wp-json\/wp\/v2\/categories?post=14009"},{"taxonomy":"post_tag","embeddable":true,"href":"https:\/\/ufpr.br\/propg\/wp-json\/wp\/v2\/tags?post=14009"}],"curies":[{"name":"wp","href":"https:\/\/api.w.org\/{rel}","templated":true}]}}