{"id":13985,"date":"2018-01-22T13:09:38","date_gmt":"2018-01-22T15:09:38","guid":{"rendered":"https:\/\/ufpr.br\/processo-seletivo-pos-doutorado-em-desenvolvimento-economico"},"modified":"2025-11-28T14:52:23","modified_gmt":"2025-11-28T17:52:23","slug":"processo-seletivo-pos-doutorado-em-desenvolvimento-economico","status":"publish","type":"post","link":"https:\/\/ufpr.br\/propg\/processo-seletivo-pos-doutorado-em-desenvolvimento-economico\/","title":{"rendered":"[Processo Seletivo] P\u00f3s-Doutorado em Desenvolvimento Econ\u00f4mico"},"content":{"rendered":"\n<p>Est\u00e1 aberto o processo seletivo para p\u00f3s-doutorado em Desenvolvimento Econ\u00f4mico para in\u00edcio em 2018.<br>As inscri\u00e7\u00f5es para o processo seletivo ser\u00e3o realizadas de 09\/01\/2018 a 08\/02\/2018.<br>Confira o edital e todas as informa\u00e7\u00f5es sobre o processo seletivo na p\u00e1gina do programa: <a href=\"https:\/\/www.prppg.ufpr.br\/site\/ppgde\">https:\/\/www.prppg.ufpr.br\/site\/ppgde<\/a><\/p>\n\n\n\n<p><\/p>\n","protected":false},"excerpt":{"rendered":"<p>Est\u00e1 aberto o processo seletivo para p\u00f3s-doutorado em Desenvolvimento Econ\u00f4mico para in\u00edcio em 2018.As inscri\u00e7\u00f5es para o processo seletivo ser\u00e3o realizadas de 09\/01\/2018 a 08\/02\/2018.Confira o edital e todas as informa\u00e7\u00f5es sobre o processo seletivo na p\u00e1gina do programa: https:\/\/www.prppg.ufpr.br\/site\/ppgde<\/p>\n","protected":false},"author":16,"featured_media":0,"comment_status":"open","ping_status":"open","sticky":false,"template":"","format":"standard","meta":{"footnotes":""},"categories":[381,386],"tags":[],"class_list":["post-13985","post","type-post","status-publish","format-standard","hentry","category-editais-e-processos-seletivos","category-mestrado-e-doutorado"],"_links":{"self":[{"href":"https:\/\/ufpr.br\/propg\/wp-json\/wp\/v2\/posts\/13985","targetHints":{"allow":["GET"]}}],"collection":[{"href":"https:\/\/ufpr.br\/propg\/wp-json\/wp\/v2\/posts"}],"about":[{"href":"https:\/\/ufpr.br\/propg\/wp-json\/wp\/v2\/types\/post"}],"author":[{"embeddable":true,"href":"https:\/\/ufpr.br\/propg\/wp-json\/wp\/v2\/users\/16"}],"replies":[{"embeddable":true,"href":"https:\/\/ufpr.br\/propg\/wp-json\/wp\/v2\/comments?post=13985"}],"version-history":[{"count":4,"href":"https:\/\/ufpr.br\/propg\/wp-json\/wp\/v2\/posts\/13985\/revisions"}],"predecessor-version":[{"id":18348,"href":"https:\/\/ufpr.br\/propg\/wp-json\/wp\/v2\/posts\/13985\/revisions\/18348"}],"wp:attachment":[{"href":"https:\/\/ufpr.br\/propg\/wp-json\/wp\/v2\/media?parent=13985"}],"wp:term":[{"taxonomy":"category","embeddable":true,"href":"https:\/\/ufpr.br\/propg\/wp-json\/wp\/v2\/categories?post=13985"},{"taxonomy":"post_tag","embeddable":true,"href":"https:\/\/ufpr.br\/propg\/wp-json\/wp\/v2\/tags?post=13985"}],"curies":[{"name":"wp","href":"https:\/\/api.w.org\/{rel}","templated":true}]}}