{"id":13966,"date":"2022-12-21T09:32:35","date_gmt":"2022-12-21T12:32:35","guid":{"rendered":"https:\/\/ufpr.br\/processo-seletivo-mestrado-e-doutorado-em-meio-ambiente-e-desenvolvimento"},"modified":"2025-12-02T09:15:25","modified_gmt":"2025-12-02T12:15:25","slug":"processo-seletivo-mestrado-e-doutorado-em-meio-ambiente-e-desenvolvimento","status":"publish","type":"post","link":"https:\/\/ufpr.br\/propg\/processo-seletivo-mestrado-e-doutorado-em-meio-ambiente-e-desenvolvimento\/","title":{"rendered":"[Processo Seletivo] Mestrado e Doutorado em Meio Ambiente e Desenvolvimento"},"content":{"rendered":"\n<p>Acompanhe&nbsp; o edital de processo seletivo para mestrado e doutorado 2022-2023 do Programa de P\u00f3s-gradua\u00e7\u00e3o em Meio Ambiente e Desenvolvimento &#8211; PPGMade.<\/p>\n\n\n\n<p>As inscri\u00e7\u00f5es estar\u00e3o abertas de <strong>02\/01\/2023 at\u00e9 20\/01\/2023<\/strong>. Mais informa\u00e7\u00f5es em: <a href=\"https:\/\/www.prppg.ufpr.br\/site\/ppgmade\" target=\"_blank\" rel=\"noreferrer noopener\">https:\/\/www.prppg.ufpr.br\/site\/ppgmade<\/a><\/p>\n\n\n\n<div style=\"height:25px\" aria-hidden=\"true\" class=\"wp-block-spacer\"><\/div>\n\n\n<div class=\"wp-block-image\">\n<figure class=\"aligncenter size-full\"><a href=\"https:\/\/www.prppg.ufpr.br\/site\/ppgmade\/\" target=\"_blank\" rel=\" noreferrer noopener\"><img decoding=\"async\" src=\"https:\/\/ufpr.br\/propg\/wp-content\/uploads\/2022\/12\/folder-selecao-made-2022-2023.jpeg\" alt=\"\" class=\"wp-image-36073\"\/><\/a><\/figure><\/div>\n\n\n<p><\/p>\n","protected":false},"excerpt":{"rendered":"<p>Acompanhe&nbsp; o edital de processo seletivo para mestrado e doutorado 2022-2023 do Programa de P\u00f3s-gradua\u00e7\u00e3o em Meio Ambiente e Desenvolvimento &#8211; PPGMade. As inscri\u00e7\u00f5es estar\u00e3o abertas de 02\/01\/2023 at\u00e9 20\/01\/2023. Mais informa\u00e7\u00f5es em: https:\/\/www.prppg.ufpr.br\/site\/ppgmade<\/p>\n","protected":false},"author":16,"featured_media":0,"comment_status":"open","ping_status":"open","sticky":false,"template":"","format":"standard","meta":{"footnotes":""},"categories":[381,386],"tags":[],"class_list":["post-13966","post","type-post","status-publish","format-standard","hentry","category-editais-e-processos-seletivos","category-mestrado-e-doutorado"],"_links":{"self":[{"href":"https:\/\/ufpr.br\/propg\/wp-json\/wp\/v2\/posts\/13966","targetHints":{"allow":["GET"]}}],"collection":[{"href":"https:\/\/ufpr.br\/propg\/wp-json\/wp\/v2\/posts"}],"about":[{"href":"https:\/\/ufpr.br\/propg\/wp-json\/wp\/v2\/types\/post"}],"author":[{"embeddable":true,"href":"https:\/\/ufpr.br\/propg\/wp-json\/wp\/v2\/users\/16"}],"replies":[{"embeddable":true,"href":"https:\/\/ufpr.br\/propg\/wp-json\/wp\/v2\/comments?post=13966"}],"version-history":[{"count":6,"href":"https:\/\/ufpr.br\/propg\/wp-json\/wp\/v2\/posts\/13966\/revisions"}],"predecessor-version":[{"id":19114,"href":"https:\/\/ufpr.br\/propg\/wp-json\/wp\/v2\/posts\/13966\/revisions\/19114"}],"wp:attachment":[{"href":"https:\/\/ufpr.br\/propg\/wp-json\/wp\/v2\/media?parent=13966"}],"wp:term":[{"taxonomy":"category","embeddable":true,"href":"https:\/\/ufpr.br\/propg\/wp-json\/wp\/v2\/categories?post=13966"},{"taxonomy":"post_tag","embeddable":true,"href":"https:\/\/ufpr.br\/propg\/wp-json\/wp\/v2\/tags?post=13966"}],"curies":[{"name":"wp","href":"https:\/\/api.w.org\/{rel}","templated":true}]}}