{"id":13965,"date":"2017-11-06T12:01:19","date_gmt":"2017-11-06T14:01:19","guid":{"rendered":"https:\/\/ufpr.br\/edital-capes-fomento-a-inovacao-para-tecnologias-de-informacao-e-comunicacao-em-educacao-provas-virtuais"},"modified":"2025-11-28T14:34:46","modified_gmt":"2025-11-28T17:34:46","slug":"edital-capes-fomento-a-inovacao-para-tecnologias-de-informacao-e-comunicacao-em-educacao-provas-virtuais","status":"publish","type":"post","link":"https:\/\/ufpr.br\/propg\/edital-capes-fomento-a-inovacao-para-tecnologias-de-informacao-e-comunicacao-em-educacao-provas-virtuais\/","title":{"rendered":"Edital CAPES: fomento \u00e0 inova\u00e7\u00e3o para tecnologias de informa\u00e7\u00e3o e comunica\u00e7\u00e3o em educa\u00e7\u00e3o (provas virtuais)"},"content":{"rendered":"\n<p>Est\u00e1 aberto o edital CAPES para <a href=\"http:\/\/www.cipead.ufpr.br\/portal\/informativo\/edital-capes-fomento-a-inovacao-para-o-desenvolvimento-e-aplicacao-de-tecnologias-de-informacao-e-comunicacao-em-educacao-provas-virtuais\/\" target=\"_blank\" rel=\"noopener\">fomento \u00e0 inova\u00e7\u00e3o para o desenvolvimento e aplica\u00e7\u00e3o de tecnologias de informa\u00e7\u00e3o e comunica\u00e7\u00e3o em educa\u00e7\u00e3o (provas virtuais)<\/a>. O objetivo do edital \u00e9 incentivar a inova\u00e7\u00e3o pedag\u00f3gica por meio de desenvolvimento e dissemina\u00e7\u00e3o de ferramentas tecnol\u00f3gicas para uso no ensino.<\/p>\n\n\n\n<p>Interessados em apresentar uma proposta dever\u00e3o agendar contato com a Coordena\u00e7\u00e3o de Integra\u00e7\u00e3o de Pol\u00edticas de Educa\u00e7\u00e3o a Dist\u00e2ncia da UFPR (CIPEAD), atrav\u00e9s do e-mail cipead@ufpr.br.<\/p>\n\n\n\n<p>Maiores informa\u00e7\u00f5es podem ser encontradas na <a href=\"http:\/\/www.prograd.ufpr.br\/portal\/blog\/informativo\/edital-capes-fomento-a-inovacao-para-o-desenvolvimento-e-aplicacao-de-tecnologias-de-informacao-e-comunicacao-em-educacao-provas-virtuais\/\" target=\"_blank\" rel=\"noopener\">p\u00e1gina da CIPEAD<\/a>.<\/p>\n","protected":false},"excerpt":{"rendered":"<p>Est\u00e1 aberto o edital CAPES para fomento \u00e0 inova\u00e7\u00e3o para o desenvolvimento e aplica\u00e7\u00e3o de tecnologias de informa\u00e7\u00e3o e comunica\u00e7\u00e3o em educa\u00e7\u00e3o (provas virtuais). O objetivo do edital \u00e9 incentivar a inova\u00e7\u00e3o pedag\u00f3gica por meio de desenvolvimento e dissemina\u00e7\u00e3o de ferramentas tecnol\u00f3gicas para uso no ensino. Interessados em apresentar uma proposta dever\u00e3o agendar contato com [&hellip;]<\/p>\n","protected":false},"author":16,"featured_media":0,"comment_status":"open","ping_status":"open","sticky":false,"template":"","format":"standard","meta":{"footnotes":""},"categories":[381,386],"tags":[],"class_list":["post-13965","post","type-post","status-publish","format-standard","hentry","category-editais-e-processos-seletivos","category-mestrado-e-doutorado"],"_links":{"self":[{"href":"https:\/\/ufpr.br\/propg\/wp-json\/wp\/v2\/posts\/13965","targetHints":{"allow":["GET"]}}],"collection":[{"href":"https:\/\/ufpr.br\/propg\/wp-json\/wp\/v2\/posts"}],"about":[{"href":"https:\/\/ufpr.br\/propg\/wp-json\/wp\/v2\/types\/post"}],"author":[{"embeddable":true,"href":"https:\/\/ufpr.br\/propg\/wp-json\/wp\/v2\/users\/16"}],"replies":[{"embeddable":true,"href":"https:\/\/ufpr.br\/propg\/wp-json\/wp\/v2\/comments?post=13965"}],"version-history":[{"count":3,"href":"https:\/\/ufpr.br\/propg\/wp-json\/wp\/v2\/posts\/13965\/revisions"}],"predecessor-version":[{"id":18331,"href":"https:\/\/ufpr.br\/propg\/wp-json\/wp\/v2\/posts\/13965\/revisions\/18331"}],"wp:attachment":[{"href":"https:\/\/ufpr.br\/propg\/wp-json\/wp\/v2\/media?parent=13965"}],"wp:term":[{"taxonomy":"category","embeddable":true,"href":"https:\/\/ufpr.br\/propg\/wp-json\/wp\/v2\/categories?post=13965"},{"taxonomy":"post_tag","embeddable":true,"href":"https:\/\/ufpr.br\/propg\/wp-json\/wp\/v2\/tags?post=13965"}],"curies":[{"name":"wp","href":"https:\/\/api.w.org\/{rel}","templated":true}]}}