{"id":13943,"date":"2017-10-17T10:01:14","date_gmt":"2017-10-17T12:01:14","guid":{"rendered":"https:\/\/ufpr.br\/processo-seletivo-mestrado-em-planejamento-urbano"},"modified":"2025-11-28T14:32:55","modified_gmt":"2025-11-28T17:32:55","slug":"processo-seletivo-mestrado-em-planejamento-urbano","status":"publish","type":"post","link":"https:\/\/ufpr.br\/propg\/processo-seletivo-mestrado-em-planejamento-urbano\/","title":{"rendered":"[Processo Seletivo] Mestrado em Planejamento Urbano"},"content":{"rendered":"\n<p>Est\u00e1 aberto o processo seletivo para mestrado em <a href=\"http:\/\/www.tecnologia.ufpr.br\/portal\/ppu\/\" target=\"_blank\" rel=\"noopener\">Planejamento Urbano<\/a> para in\u00edcio em 2018.<\/p>\n\n\n\n<p>As <a href=\"https:\/\/siga.ufpr.br\/siga\/visitante\/processoseletivo\/index.jsp?sequencial=644\" target=\"_blank\" rel=\"noreferrer noopener\">inscri\u00e7\u00f5es<\/a> para o Processo Seletivo ser\u00e3o de <strong>16\/10\/2017<\/strong> a <strong>14\/11\/2017<\/strong>.<\/p>\n\n\n\n<p>Confira o Edital 02\/2017-PPU e todas as informa\u00e7\u00f5es sobre o processo seletivo na p\u00e1gina do programa:\u00a0\u00a0<a href=\"http:\/\/www.tecnologia.ufpr.br\/portal\/ppu\/\" target=\"_blank\" rel=\"noreferrer noopener\">http:\/\/www.tecnologia.ufpr.br\/portal\/ppu\/<\/a><\/p>\n\n\n\n<p><\/p>\n","protected":false},"excerpt":{"rendered":"<p>Est\u00e1 aberto o processo seletivo para mestrado em Planejamento Urbano para in\u00edcio em 2018. As inscri\u00e7\u00f5es para o Processo Seletivo ser\u00e3o de 16\/10\/2017 a 14\/11\/2017. Confira o Edital 02\/2017-PPU e todas as informa\u00e7\u00f5es sobre o processo seletivo na p\u00e1gina do programa:\u00a0\u00a0http:\/\/www.tecnologia.ufpr.br\/portal\/ppu\/<\/p>\n","protected":false},"author":16,"featured_media":0,"comment_status":"open","ping_status":"open","sticky":false,"template":"","format":"standard","meta":{"footnotes":""},"categories":[381,386],"tags":[],"class_list":["post-13943","post","type-post","status-publish","format-standard","hentry","category-editais-e-processos-seletivos","category-mestrado-e-doutorado"],"_links":{"self":[{"href":"https:\/\/ufpr.br\/propg\/wp-json\/wp\/v2\/posts\/13943","targetHints":{"allow":["GET"]}}],"collection":[{"href":"https:\/\/ufpr.br\/propg\/wp-json\/wp\/v2\/posts"}],"about":[{"href":"https:\/\/ufpr.br\/propg\/wp-json\/wp\/v2\/types\/post"}],"author":[{"embeddable":true,"href":"https:\/\/ufpr.br\/propg\/wp-json\/wp\/v2\/users\/16"}],"replies":[{"embeddable":true,"href":"https:\/\/ufpr.br\/propg\/wp-json\/wp\/v2\/comments?post=13943"}],"version-history":[{"count":3,"href":"https:\/\/ufpr.br\/propg\/wp-json\/wp\/v2\/posts\/13943\/revisions"}],"predecessor-version":[{"id":18320,"href":"https:\/\/ufpr.br\/propg\/wp-json\/wp\/v2\/posts\/13943\/revisions\/18320"}],"wp:attachment":[{"href":"https:\/\/ufpr.br\/propg\/wp-json\/wp\/v2\/media?parent=13943"}],"wp:term":[{"taxonomy":"category","embeddable":true,"href":"https:\/\/ufpr.br\/propg\/wp-json\/wp\/v2\/categories?post=13943"},{"taxonomy":"post_tag","embeddable":true,"href":"https:\/\/ufpr.br\/propg\/wp-json\/wp\/v2\/tags?post=13943"}],"curies":[{"name":"wp","href":"https:\/\/api.w.org\/{rel}","templated":true}]}}