{"id":13942,"date":"2017-10-16T11:30:50","date_gmt":"2017-10-16T13:30:50","guid":{"rendered":"https:\/\/ufpr.br\/processo-seletivo-mestrado-em-engenharia-de-recursos-hidricos-e-ambiental"},"modified":"2025-11-28T14:33:27","modified_gmt":"2025-11-28T17:33:27","slug":"processo-seletivo-mestrado-em-engenharia-de-recursos-hidricos-e-ambiental","status":"publish","type":"post","link":"https:\/\/ufpr.br\/propg\/processo-seletivo-mestrado-em-engenharia-de-recursos-hidricos-e-ambiental\/","title":{"rendered":"[Processo Seletivo] Mestrado em Engenharia de Recursos H\u00eddricos e Ambiental"},"content":{"rendered":"\n<p>Est\u00e1 aberto o processo seletivo para <strong>mestrado<\/strong> em <strong><a href=\"https:\/\/www.prppg.ufpr.br\/ppgerha\/\" target=\"_blank\" rel=\"noopener\">Engenharia de Recursos H\u00eddricos e Ambiental<\/a><\/strong> para in\u00edcio em <strong>2018<\/strong>.<\/p>\n\n\n\n<p><strong>As inscri\u00e7\u00f5es para o processo seletivo ser\u00e3o de 12\/10\/2017 a 03\/11\/2017.<\/strong><\/p>\n\n\n\n<p>Confira o edital e todas as informa\u00e7\u00f5es sobre o processo seletivo na p\u00e1gina do programa: <a href=\"https:\/\/www.prppg.ufpr.br\/ppgerha\/processo-seletivo\/processo-mestrado\" target=\"_blank\" rel=\"noopener\">https:\/\/www.prppg.ufpr.br\/ppgerha\/processo-seletivo\/processo-mestrado<\/a><\/p>\n\n\n\n<p><\/p>\n","protected":false},"excerpt":{"rendered":"<p>Est\u00e1 aberto o processo seletivo para mestrado em Engenharia de Recursos H\u00eddricos e Ambiental para in\u00edcio em 2018. As inscri\u00e7\u00f5es para o processo seletivo ser\u00e3o de 12\/10\/2017 a 03\/11\/2017. Confira o edital e todas as informa\u00e7\u00f5es sobre o processo seletivo na p\u00e1gina do programa: https:\/\/www.prppg.ufpr.br\/ppgerha\/processo-seletivo\/processo-mestrado<\/p>\n","protected":false},"author":16,"featured_media":0,"comment_status":"open","ping_status":"open","sticky":false,"template":"","format":"standard","meta":{"footnotes":""},"categories":[381,386],"tags":[],"class_list":["post-13942","post","type-post","status-publish","format-standard","hentry","category-editais-e-processos-seletivos","category-mestrado-e-doutorado"],"_links":{"self":[{"href":"https:\/\/ufpr.br\/propg\/wp-json\/wp\/v2\/posts\/13942","targetHints":{"allow":["GET"]}}],"collection":[{"href":"https:\/\/ufpr.br\/propg\/wp-json\/wp\/v2\/posts"}],"about":[{"href":"https:\/\/ufpr.br\/propg\/wp-json\/wp\/v2\/types\/post"}],"author":[{"embeddable":true,"href":"https:\/\/ufpr.br\/propg\/wp-json\/wp\/v2\/users\/16"}],"replies":[{"embeddable":true,"href":"https:\/\/ufpr.br\/propg\/wp-json\/wp\/v2\/comments?post=13942"}],"version-history":[{"count":3,"href":"https:\/\/ufpr.br\/propg\/wp-json\/wp\/v2\/posts\/13942\/revisions"}],"predecessor-version":[{"id":18323,"href":"https:\/\/ufpr.br\/propg\/wp-json\/wp\/v2\/posts\/13942\/revisions\/18323"}],"wp:attachment":[{"href":"https:\/\/ufpr.br\/propg\/wp-json\/wp\/v2\/media?parent=13942"}],"wp:term":[{"taxonomy":"category","embeddable":true,"href":"https:\/\/ufpr.br\/propg\/wp-json\/wp\/v2\/categories?post=13942"},{"taxonomy":"post_tag","embeddable":true,"href":"https:\/\/ufpr.br\/propg\/wp-json\/wp\/v2\/tags?post=13942"}],"curies":[{"name":"wp","href":"https:\/\/api.w.org\/{rel}","templated":true}]}}