{"id":13892,"date":"2017-08-31T07:52:06","date_gmt":"2017-08-31T10:52:06","guid":{"rendered":"https:\/\/ufpr.br\/escrita-academica-em-ingles-aula-inaugural"},"modified":"2025-11-28T14:25:13","modified_gmt":"2025-11-28T17:25:13","slug":"escrita-academica-em-ingles-aula-inaugural","status":"publish","type":"post","link":"https:\/\/ufpr.br\/propg\/escrita-academica-em-ingles-aula-inaugural\/","title":{"rendered":"[Escrita Acad\u00eamica em Ingl\u00eas] Aula inaugural"},"content":{"rendered":"\n<p>A Pr\u00f3-Reitoria de Pesquisa e P\u00f3s-Gradua\u00e7\u00e3o da Universidade Federal do Paran\u00e1 realizou nesta quarta-feira (30) a aula inaugural da disciplina \u201c<a href=\"http:\/\/www.capa.ufpr.br\/index.php\/escrita-ingles\" target=\"_blank\" rel=\"noopener\">Escrita Acad\u00eamica em Ingl\u00eas<\/a>\u201d \u2013 primeira de v\u00e1rias disciplinas transversais que ser\u00e3o ofertadas pela UFPR. O objetivo do projeto \u00e9 ofertar disciplinas de interesse comum aos diferentes programas de p\u00f3s-gradua\u00e7\u00e3o e outras \u00e1reas, como Estat\u00edstica e Metodologia de Pesquisa, otimizando os recursos da universidade e permitindo que os esfor\u00e7os dos cursos fiquem concentrados nas \u00e1reas-fim.<\/p>\n\n\n\n<p>Saiba mais: <a href=\"http:\/\/www.ufpr.br\/portalufpr\/blog\/noticias\/ufpr-realiza-aula-inaugural-de-primeira-disciplina-transversal\/\" target=\"_blank\" rel=\"noopener\">UFPR realiza aula inaugural de primeira disciplina transversal<\/a><\/p>\n\n\n\n<p>&nbsp;<\/p>\n\n\n\n<p><strong>Importante<\/strong><\/p>\n\n\n\n<p>D\u00favidas com rela\u00e7\u00e3o \u00e0 disciplina podem ser esclarecidas diretamente com o Prof. Dr. Ron Martinez, no Centro de Assessoria de Publica\u00e7\u00e3o Acad\u00eamica (CAPA).<\/p>\n\n\n\n<p>Disciplina: Escrita Acad\u00eamica em Ingl\u00eas<br>Docente respons\u00e1vel: Prof. Dr. Ron Martinez<br>Site: <a href=\"http:\/\/www.capa.ufpr.br\/index.php\/escrita-ingles\" target=\"_blank\" rel=\"noopener\">http:\/\/www.capa.ufpr.br\/index.php\/escrita-ingles\/<\/a><br>capa@ufpr.br<br>3360-5183<\/p>\n","protected":false},"excerpt":{"rendered":"<p>A Pr\u00f3-Reitoria de Pesquisa e P\u00f3s-Gradua\u00e7\u00e3o da Universidade Federal do Paran\u00e1 realizou nesta quarta-feira (30) a aula inaugural da disciplina \u201cEscrita Acad\u00eamica em Ingl\u00eas\u201d \u2013 primeira de v\u00e1rias disciplinas transversais que ser\u00e3o ofertadas pela UFPR. O objetivo do projeto \u00e9 ofertar disciplinas de interesse comum aos diferentes programas de p\u00f3s-gradua\u00e7\u00e3o e outras \u00e1reas, como Estat\u00edstica [&hellip;]<\/p>\n","protected":false},"author":16,"featured_media":0,"comment_status":"open","ping_status":"open","sticky":false,"template":"","format":"standard","meta":{"footnotes":""},"categories":[386],"tags":[],"class_list":["post-13892","post","type-post","status-publish","format-standard","hentry","category-mestrado-e-doutorado"],"_links":{"self":[{"href":"https:\/\/ufpr.br\/propg\/wp-json\/wp\/v2\/posts\/13892","targetHints":{"allow":["GET"]}}],"collection":[{"href":"https:\/\/ufpr.br\/propg\/wp-json\/wp\/v2\/posts"}],"about":[{"href":"https:\/\/ufpr.br\/propg\/wp-json\/wp\/v2\/types\/post"}],"author":[{"embeddable":true,"href":"https:\/\/ufpr.br\/propg\/wp-json\/wp\/v2\/users\/16"}],"replies":[{"embeddable":true,"href":"https:\/\/ufpr.br\/propg\/wp-json\/wp\/v2\/comments?post=13892"}],"version-history":[{"count":3,"href":"https:\/\/ufpr.br\/propg\/wp-json\/wp\/v2\/posts\/13892\/revisions"}],"predecessor-version":[{"id":18280,"href":"https:\/\/ufpr.br\/propg\/wp-json\/wp\/v2\/posts\/13892\/revisions\/18280"}],"wp:attachment":[{"href":"https:\/\/ufpr.br\/propg\/wp-json\/wp\/v2\/media?parent=13892"}],"wp:term":[{"taxonomy":"category","embeddable":true,"href":"https:\/\/ufpr.br\/propg\/wp-json\/wp\/v2\/categories?post=13892"},{"taxonomy":"post_tag","embeddable":true,"href":"https:\/\/ufpr.br\/propg\/wp-json\/wp\/v2\/tags?post=13892"}],"curies":[{"name":"wp","href":"https:\/\/api.w.org\/{rel}","templated":true}]}}