{"id":13888,"date":"2017-08-09T17:35:17","date_gmt":"2017-08-09T20:35:17","guid":{"rendered":"https:\/\/ufpr.br\/resultado-final-do-edital-de-apoio-a-editoracao-e-publicacao-de-periodicos-cientificos-da-ufpr-2017"},"modified":"2025-11-28T14:26:00","modified_gmt":"2025-11-28T17:26:00","slug":"resultado-final-do-edital-de-apoio-a-editoracao-e-publicacao-de-periodicos-cientificos-da-ufpr-2017","status":"publish","type":"post","link":"https:\/\/ufpr.br\/propg\/resultado-final-do-edital-de-apoio-a-editoracao-e-publicacao-de-periodicos-cientificos-da-ufpr-2017\/","title":{"rendered":"Resultado Final do Edital de Apoio \u00e0 Editora\u00e7\u00e3o e Publica\u00e7\u00e3o de Peri\u00f3dicos Cient\u00edficos da UFPR \u2013 2017"},"content":{"rendered":"\n<p><a href=\"https:\/\/ufpr.br\/propg\/wp-content\/uploads\/2025\/10\/resultado_final_edital_2017_apoio-aos-peridicos.docx\" target=\"_blank\" rel=\"noreferrer noopener\">Acesse aqui o Resultado Final do Edital de Apoio \u00e0 Editora\u00e7\u00e3o e Publica\u00e7\u00e3o de Peri\u00f3dicos Cient\u00edficos da UFPR \u2013 2017<\/a><\/p>\n\n\n\n<p>A partir do dia 10\/08\/2017 as revistas poder\u00e3o acessar os recursos que ser\u00e3o recebidos de acordo com a sua classifica\u00e7\u00e3o. A distribui\u00e7\u00e3o ocorrer\u00e1 at\u00e9 que os recursos financeiros sejam integralmente esgotados, descontados aqueles referentes \u00e0s bolsas estabelecidas e aos recursos financeiros destinados aos servi\u00e7os de revis\u00e3o\/editora\u00e7\u00e3o, conforme estabelecido em edital.<\/p>\n","protected":false},"excerpt":{"rendered":"<p>Acesse aqui o Resultado Final do Edital de Apoio \u00e0 Editora\u00e7\u00e3o e Publica\u00e7\u00e3o de Peri\u00f3dicos Cient\u00edficos da UFPR \u2013 2017 A partir do dia 10\/08\/2017 as revistas poder\u00e3o acessar os recursos que ser\u00e3o recebidos de acordo com a sua classifica\u00e7\u00e3o. A distribui\u00e7\u00e3o ocorrer\u00e1 at\u00e9 que os recursos financeiros sejam integralmente esgotados, descontados aqueles referentes \u00e0s [&hellip;]<\/p>\n","protected":false},"author":15,"featured_media":0,"comment_status":"open","ping_status":"open","sticky":false,"template":"","format":"standard","meta":{"footnotes":""},"categories":[386],"tags":[],"class_list":["post-13888","post","type-post","status-publish","format-standard","hentry","category-mestrado-e-doutorado"],"_links":{"self":[{"href":"https:\/\/ufpr.br\/propg\/wp-json\/wp\/v2\/posts\/13888","targetHints":{"allow":["GET"]}}],"collection":[{"href":"https:\/\/ufpr.br\/propg\/wp-json\/wp\/v2\/posts"}],"about":[{"href":"https:\/\/ufpr.br\/propg\/wp-json\/wp\/v2\/types\/post"}],"author":[{"embeddable":true,"href":"https:\/\/ufpr.br\/propg\/wp-json\/wp\/v2\/users\/15"}],"replies":[{"embeddable":true,"href":"https:\/\/ufpr.br\/propg\/wp-json\/wp\/v2\/comments?post=13888"}],"version-history":[{"count":3,"href":"https:\/\/ufpr.br\/propg\/wp-json\/wp\/v2\/posts\/13888\/revisions"}],"predecessor-version":[{"id":18287,"href":"https:\/\/ufpr.br\/propg\/wp-json\/wp\/v2\/posts\/13888\/revisions\/18287"}],"wp:attachment":[{"href":"https:\/\/ufpr.br\/propg\/wp-json\/wp\/v2\/media?parent=13888"}],"wp:term":[{"taxonomy":"category","embeddable":true,"href":"https:\/\/ufpr.br\/propg\/wp-json\/wp\/v2\/categories?post=13888"},{"taxonomy":"post_tag","embeddable":true,"href":"https:\/\/ufpr.br\/propg\/wp-json\/wp\/v2\/tags?post=13888"}],"curies":[{"name":"wp","href":"https:\/\/api.w.org\/{rel}","templated":true}]}}