{"id":13887,"date":"2017-08-03T10:58:37","date_gmt":"2017-08-03T13:58:37","guid":{"rendered":"https:\/\/ufpr.br\/estao-abertas-as-inscricoes-de-1-a-31-de-agosto-de-2017-para-o-processo-seletivo-do-programa-de-pos-graduacao-em-engenharia-florestal"},"modified":"2025-11-28T14:26:16","modified_gmt":"2025-11-28T17:26:16","slug":"estao-abertas-as-inscricoes-de-1-a-31-de-agosto-de-2017-para-o-processo-seletivo-do-programa-de-pos-graduacao-em-engenharia-florestal","status":"publish","type":"post","link":"https:\/\/ufpr.br\/propg\/estao-abertas-as-inscricoes-de-1-a-31-de-agosto-de-2017-para-o-processo-seletivo-do-programa-de-pos-graduacao-em-engenharia-florestal\/","title":{"rendered":"[Processo Seletivo] Mestrado e Doutorado em Engenharia Florestal"},"content":{"rendered":"\n<p>Est\u00e3o abertas as inscri\u00e7\u00f5es, de 01 a 31 de agosto de 2017, para o processo seletivo do Programa de P\u00f3s-gradua\u00e7\u00e3o em Engenharia Florestal da Universidade Federal do Paran\u00e1.<\/p>\n\n\n\n<p>Informa\u00e7\u00f5es e inscri\u00e7\u00f5es na p\u00e1gina do programa:&nbsp; <a href=\"http:\/\/www.floresta.ufpr.br\/pos-graduacao\/\" target=\"_blank\" rel=\"noopener\">http:\/\/www.floresta.ufpr.br\/pos-graduacao<\/a><\/p>\n","protected":false},"excerpt":{"rendered":"<p>Est\u00e3o abertas as inscri\u00e7\u00f5es, de 01 a 31 de agosto de 2017, para o processo seletivo do Programa de P\u00f3s-gradua\u00e7\u00e3o em Engenharia Florestal da Universidade Federal do Paran\u00e1. Informa\u00e7\u00f5es e inscri\u00e7\u00f5es na p\u00e1gina do programa:&nbsp; http:\/\/www.floresta.ufpr.br\/pos-graduacao<\/p>\n","protected":false},"author":15,"featured_media":0,"comment_status":"open","ping_status":"open","sticky":false,"template":"","format":"standard","meta":{"footnotes":""},"categories":[381,386],"tags":[],"class_list":["post-13887","post","type-post","status-publish","format-standard","hentry","category-editais-e-processos-seletivos","category-mestrado-e-doutorado"],"_links":{"self":[{"href":"https:\/\/ufpr.br\/propg\/wp-json\/wp\/v2\/posts\/13887","targetHints":{"allow":["GET"]}}],"collection":[{"href":"https:\/\/ufpr.br\/propg\/wp-json\/wp\/v2\/posts"}],"about":[{"href":"https:\/\/ufpr.br\/propg\/wp-json\/wp\/v2\/types\/post"}],"author":[{"embeddable":true,"href":"https:\/\/ufpr.br\/propg\/wp-json\/wp\/v2\/users\/15"}],"replies":[{"embeddable":true,"href":"https:\/\/ufpr.br\/propg\/wp-json\/wp\/v2\/comments?post=13887"}],"version-history":[{"count":3,"href":"https:\/\/ufpr.br\/propg\/wp-json\/wp\/v2\/posts\/13887\/revisions"}],"predecessor-version":[{"id":18289,"href":"https:\/\/ufpr.br\/propg\/wp-json\/wp\/v2\/posts\/13887\/revisions\/18289"}],"wp:attachment":[{"href":"https:\/\/ufpr.br\/propg\/wp-json\/wp\/v2\/media?parent=13887"}],"wp:term":[{"taxonomy":"category","embeddable":true,"href":"https:\/\/ufpr.br\/propg\/wp-json\/wp\/v2\/categories?post=13887"},{"taxonomy":"post_tag","embeddable":true,"href":"https:\/\/ufpr.br\/propg\/wp-json\/wp\/v2\/tags?post=13887"}],"curies":[{"name":"wp","href":"https:\/\/api.w.org\/{rel}","templated":true}]}}