{"id":13859,"date":"2022-11-29T13:17:36","date_gmt":"2022-11-29T16:17:36","guid":{"rendered":"https:\/\/ufpr.br\/processo-seletivo-edital-02-2022-professor-senior-divulgacao-e-inscricoes"},"modified":"2025-12-02T09:12:27","modified_gmt":"2025-12-02T12:12:27","slug":"processo-seletivo-edital-02-2022-professor-senior-divulgacao-e-inscricoes","status":"publish","type":"post","link":"https:\/\/ufpr.br\/propg\/processo-seletivo-edital-02-2022-professor-senior-divulgacao-e-inscricoes\/","title":{"rendered":"[Processo Seletivo] Edital 02\/2022- Professor S\u00eanior: Abertura de Prazo de Inscri\u00e7\u00f5es"},"content":{"rendered":"\n<h4 class=\"wp-block-heading\">Acesse: <a href=\"https:\/\/ufpr.br\/propg\/cpgss\/programa-professor-senior\/\">https:\/\/ufpr.br\/propg\/cpgss\/programa-professor-senior\/<\/a><\/h4>\n\n\n\n<p>&nbsp;<\/p>\n","protected":false},"excerpt":{"rendered":"<p>Acesse: https:\/\/ufpr.br\/propg\/cpgss\/programa-professor-senior\/ &nbsp;<\/p>\n","protected":false},"author":18,"featured_media":0,"comment_status":"open","ping_status":"open","sticky":false,"template":"","format":"standard","meta":{"footnotes":""},"categories":[381,386],"tags":[],"class_list":["post-13859","post","type-post","status-publish","format-standard","hentry","category-editais-e-processos-seletivos","category-mestrado-e-doutorado"],"_links":{"self":[{"href":"https:\/\/ufpr.br\/propg\/wp-json\/wp\/v2\/posts\/13859","targetHints":{"allow":["GET"]}}],"collection":[{"href":"https:\/\/ufpr.br\/propg\/wp-json\/wp\/v2\/posts"}],"about":[{"href":"https:\/\/ufpr.br\/propg\/wp-json\/wp\/v2\/types\/post"}],"author":[{"embeddable":true,"href":"https:\/\/ufpr.br\/propg\/wp-json\/wp\/v2\/users\/18"}],"replies":[{"embeddable":true,"href":"https:\/\/ufpr.br\/propg\/wp-json\/wp\/v2\/comments?post=13859"}],"version-history":[{"count":3,"href":"https:\/\/ufpr.br\/propg\/wp-json\/wp\/v2\/posts\/13859\/revisions"}],"predecessor-version":[{"id":19096,"href":"https:\/\/ufpr.br\/propg\/wp-json\/wp\/v2\/posts\/13859\/revisions\/19096"}],"wp:attachment":[{"href":"https:\/\/ufpr.br\/propg\/wp-json\/wp\/v2\/media?parent=13859"}],"wp:term":[{"taxonomy":"category","embeddable":true,"href":"https:\/\/ufpr.br\/propg\/wp-json\/wp\/v2\/categories?post=13859"},{"taxonomy":"post_tag","embeddable":true,"href":"https:\/\/ufpr.br\/propg\/wp-json\/wp\/v2\/tags?post=13859"}],"curies":[{"name":"wp","href":"https:\/\/api.w.org\/{rel}","templated":true}]}}