{"id":13857,"date":"2017-07-26T11:43:12","date_gmt":"2017-07-26T14:43:12","guid":{"rendered":"https:\/\/ufpr.br\/bolsas-de-estudo-do-governo-da-confederacao-suica-20182019"},"modified":"2025-11-28T14:22:16","modified_gmt":"2025-11-28T17:22:16","slug":"bolsas-de-estudo-do-governo-da-confederacao-suica-20182019","status":"publish","type":"post","link":"https:\/\/ufpr.br\/propg\/bolsas-de-estudo-do-governo-da-confederacao-suica-20182019\/","title":{"rendered":"Bolsas de Estudo do Governo da Confedera\u00e7\u00e3o Su\u00ed\u00e7a 2018\/2019"},"content":{"rendered":"\n<p>A Embaixada da Su\u00ed\u00e7a comunica a abertura das inscri\u00e7\u00f5es para o programa de bolsas de estudo destinado a estudantes brasileiros j\u00e1 graduados.&nbsp;As oportunidades abrangem&nbsp;<em>tr\u00eas modalidades<\/em>&nbsp;acad\u00eamicas:<\/p>\n\n\n\n<p>a)&nbsp;<strong>Doutorado<\/strong>: Candidatos interessados em cursar doutorado em uma universidade su\u00ed\u00e7a com dura\u00e7\u00e3o m\u00e1xima de 3 anos;<\/p>\n\n\n\n<p>b)<strong>P\u00f3s-Doutorado<\/strong>: Pesquisadores que j\u00e1 possuem um doutorado, que desejam conduzir uma pesquisa de p\u00f3s-doutorado em uma universidade su\u00ed\u00e7a com dura\u00e7\u00e3o m\u00e1xima de 12 meses;<\/p>\n\n\n\n<p>c)<strong>Pesquisa<\/strong>: Candidatos j\u00e1 inscritos em programas nacionais de doutorado, ou m\u00e9dicos que cursam especializa\u00e7\u00e3o, que estejam interessados em fazer pesquisa em uma universidade su\u00ed\u00e7a com dura\u00e7\u00e3o m\u00e1xima de 12 meses.<\/p>\n\n\n\n<p><strong>\u00a0N\u00e3o haver\u00e1 bolsas para gradua\u00e7\u00e3o e mestrado.<\/strong><\/p>\n\n\n\n<p>\u00a0Os crit\u00e9rios de elegibilidade e mais informa\u00e7\u00f5es sobre a chamada para o ano letivo de 2018-2019 est\u00e3o classificados por pa\u00edses e dispon\u00edveis para consulta na p\u00e1gina de internet da Comiss\u00e3o Federal de Bolsas para Estudantes Estrangeiros (FCS) por meio do seguinte link:<\/p>\n\n\n\n<p>&nbsp;<\/p>\n\n\n\n<p><a href=\"https:\/\/www.sbfi.admin.ch\/sbfi\/en\/home\/topics\/swiss-education-area\/scholarships-and-grants\/swiss-government-excellence-scholarships-for-foreign-scholars-an.html\" target=\"_blank\" rel=\"noreferrer noopener\">https:\/\/www.sbfi.admin.ch\/sbfi\/en\/home\/topics\/swiss-education-area\/scholarships-and-grants\/swiss-government-excellence-scholarships-for-foreign-scholars-an.html<\/a><\/p>\n\n\n\n<p>&nbsp;<\/p>\n\n\n\n<p>A Embaixada da Su\u00ed\u00e7a ressalta que encontrar um(a) pesquisador(a), professor(a), programa de p\u00f3s-gradua\u00e7\u00e3o e\/ou uma universidade su\u00ed\u00e7a \u00e9 de inteira responsabilidade dos interessados.<\/p>\n\n\n\n<p><strong>&nbsp;<\/strong><\/p>\n\n\n\n<p>Todos os interessados que atendam aos requisitos de admiss\u00e3o conforme o tipo de programa escolhido, favor solicitar,&nbsp;&nbsp;<em>a partir<\/em>&nbsp;<strong>de 01.08.2017<\/strong><strong>,&nbsp;<\/strong>diretamente na Embaixada da Su\u00ed\u00e7a no Brasil os documentos de candidatura, por meio do e-mail&nbsp;<a href=\"mailto:bra.bolsas@eda.admin.ch\">bra.bolsas@eda.admin.ch<\/a>.<\/p>\n\n\n\n<p>&nbsp;<\/p>\n\n\n\n<p>Os documentos de candidatura devem ser impressos e preenchidos para serem devolvidos em tr\u00eas vias \u00e0 Embaixada at\u00e9 a data limite, juntamente com os documentos requeridos.<\/p>\n\n\n\n<p>Data limite para entrega dos dossi\u00eas de candidatura:&nbsp;<strong>31.10.2017<\/strong>&nbsp;(ser\u00e1 considerada a data de postagem).<\/p>\n\n\n\n<p><strong>Endere\u00e7o para envio:<\/strong><\/p>\n\n\n\n<p><strong>\u00a0Embaixada da Su\u00ed\u00e7a<\/strong><\/p>\n\n\n\n<p><strong>\u201cBolsa de Estudo\u201d<br>SES Av. das Na\u00e7\u00f5es, Quadra 811, Lote 41<br>70448-900 Bras\u00edlia DF<\/strong><\/p>\n\n\n\n<p>Maiores informa\u00e7\u00f5es sobre oportunidades de estudo ou pesquisa nas diversas institui\u00e7\u00f5es su\u00ed\u00e7as podem ser encontradas nos seguintes sites:<\/p>\n\n\n\n<p><a href=\"http:\/\/www.swissuniversities.ch\/en\/\" target=\"_blank\" rel=\"noreferrer noopener\">http:\/\/www.swissuniversities.ch\/en\/<\/a><br><a href=\"http:\/\/www.studyinginswitzerland.ch\/\" target=\"_blank\" rel=\"noreferrer noopener\">http:\/\/www.studyinginswitzerland.ch\/<\/a><br><a href=\"http:\/\/www.proff.ch\/search.hierarchy.school.do?lCode=en\" target=\"_blank\" rel=\"noreferrer noopener\">http:\/\/www.proff.ch\/search.hierarchy.school.do?lCode=en<\/a><\/p>\n\n\n\n<p><\/p>\n","protected":false},"excerpt":{"rendered":"<p>A Embaixada da Su\u00ed\u00e7a comunica a abertura das inscri\u00e7\u00f5es para o programa de bolsas de estudo destinado a estudantes brasileiros j\u00e1 graduados.&nbsp;As oportunidades abrangem&nbsp;tr\u00eas modalidades&nbsp;acad\u00eamicas: a)&nbsp;Doutorado: Candidatos interessados em cursar doutorado em uma universidade su\u00ed\u00e7a com dura\u00e7\u00e3o m\u00e1xima de 3 anos; b)P\u00f3s-Doutorado: Pesquisadores que j\u00e1 possuem um doutorado, que desejam conduzir uma pesquisa de p\u00f3s-doutorado [&hellip;]<\/p>\n","protected":false},"author":16,"featured_media":0,"comment_status":"open","ping_status":"open","sticky":false,"template":"","format":"standard","meta":{"footnotes":""},"categories":[385,386],"tags":[],"class_list":["post-13857","post","type-post","status-publish","format-standard","hentry","category-internacionalizacao","category-mestrado-e-doutorado"],"_links":{"self":[{"href":"https:\/\/ufpr.br\/propg\/wp-json\/wp\/v2\/posts\/13857","targetHints":{"allow":["GET"]}}],"collection":[{"href":"https:\/\/ufpr.br\/propg\/wp-json\/wp\/v2\/posts"}],"about":[{"href":"https:\/\/ufpr.br\/propg\/wp-json\/wp\/v2\/types\/post"}],"author":[{"embeddable":true,"href":"https:\/\/ufpr.br\/propg\/wp-json\/wp\/v2\/users\/16"}],"replies":[{"embeddable":true,"href":"https:\/\/ufpr.br\/propg\/wp-json\/wp\/v2\/comments?post=13857"}],"version-history":[{"count":5,"href":"https:\/\/ufpr.br\/propg\/wp-json\/wp\/v2\/posts\/13857\/revisions"}],"predecessor-version":[{"id":18268,"href":"https:\/\/ufpr.br\/propg\/wp-json\/wp\/v2\/posts\/13857\/revisions\/18268"}],"wp:attachment":[{"href":"https:\/\/ufpr.br\/propg\/wp-json\/wp\/v2\/media?parent=13857"}],"wp:term":[{"taxonomy":"category","embeddable":true,"href":"https:\/\/ufpr.br\/propg\/wp-json\/wp\/v2\/categories?post=13857"},{"taxonomy":"post_tag","embeddable":true,"href":"https:\/\/ufpr.br\/propg\/wp-json\/wp\/v2\/tags?post=13857"}],"curies":[{"name":"wp","href":"https:\/\/api.w.org\/{rel}","templated":true}]}}