{"id":13853,"date":"2022-11-28T15:40:07","date_gmt":"2022-11-28T18:40:07","guid":{"rendered":"https:\/\/ufpr.br\/foto-comemorativa-2022-02-dez-as-11h"},"modified":"2025-12-02T09:12:34","modified_gmt":"2025-12-02T12:12:34","slug":"foto-comemorativa-2022-02-dez-as-11h","status":"publish","type":"post","link":"https:\/\/ufpr.br\/propg\/foto-comemorativa-2022-02-dez-as-11h\/","title":{"rendered":"[Foto no Pr\u00e9dio Hist\u00f3rico] Turmas de Mestres e Doutores de 2022 (dia 02\/dez as 11h)"},"content":{"rendered":"\n<p><strong>A Universidade Federal do Paran\u00e1 ir\u00e1 titular mais de 1.500 mestres e doutores neste ano de 2022!<\/strong>&nbsp;Para comemorar e dar visibilidade a esta grande conquista, convidamos todos os alunos titulados (mestres e doutores) neste ano para uma foto comemorativa a ser realizada na escadaria do pr\u00e9dio hist\u00f3rico, na Pra\u00e7a Santos Andrade, dia 02 de dezembro de 2022 \u00e0s 11h.<\/p>\n\n\n\n<p>Contamos com a presen\u00e7a de todos!<\/p>\n\n\n\n<figure class=\"wp-block-image size-large\"><img decoding=\"async\" src=\"https:\/\/ufpr.br\/propg\/wp-content\/uploads\/2022\/11\/foto-comemorativa-2022-1024x576.jpg\" alt=\"\" class=\"wp-image-35474\"\/><figcaption class=\"wp-element-caption\">xr:d:DAFQnieCcW4:8,j:42047108271,t:22112416<\/figcaption><\/figure>\n\n\n\n<p>Agenda: Foto Comemorativa dos Mestres e Doutores Titulados em 2022<\/p>\n\n\n\n<p>Data:&nbsp;<strong>sexta-feira, 02\/12\/2022 as 11h<\/strong><\/p>\n\n\n\n<p>Local: Escadaria do Pr\u00e9dio Hist\u00f3rico, Pra\u00e7a Santos Andrade \u2013 Curitiba<\/p>\n\n\n\n<figure class=\"wp-block-image size-large\"><img decoding=\"async\" src=\"https:\/\/ufpr.br\/propg\/wp-content\/uploads\/2022\/11\/convite-para-foto-02-12-2022-1024x1024.png\" alt=\"\" class=\"wp-image-35543\"\/><\/figure>\n\n\n\n<p><\/p>\n","protected":false},"excerpt":{"rendered":"<p>A Universidade Federal do Paran\u00e1 ir\u00e1 titular mais de 1.500 mestres e doutores neste ano de 2022!&nbsp;Para comemorar e dar visibilidade a esta grande conquista, convidamos todos os alunos titulados (mestres e doutores) neste ano para uma foto comemorativa a ser realizada na escadaria do pr\u00e9dio hist\u00f3rico, na Pra\u00e7a Santos Andrade, dia 02 de dezembro [&hellip;]<\/p>\n","protected":false},"author":16,"featured_media":0,"comment_status":"open","ping_status":"open","sticky":false,"template":"","format":"standard","meta":{"footnotes":""},"categories":[386],"tags":[],"class_list":["post-13853","post","type-post","status-publish","format-standard","hentry","category-mestrado-e-doutorado"],"_links":{"self":[{"href":"https:\/\/ufpr.br\/propg\/wp-json\/wp\/v2\/posts\/13853","targetHints":{"allow":["GET"]}}],"collection":[{"href":"https:\/\/ufpr.br\/propg\/wp-json\/wp\/v2\/posts"}],"about":[{"href":"https:\/\/ufpr.br\/propg\/wp-json\/wp\/v2\/types\/post"}],"author":[{"embeddable":true,"href":"https:\/\/ufpr.br\/propg\/wp-json\/wp\/v2\/users\/16"}],"replies":[{"embeddable":true,"href":"https:\/\/ufpr.br\/propg\/wp-json\/wp\/v2\/comments?post=13853"}],"version-history":[{"count":4,"href":"https:\/\/ufpr.br\/propg\/wp-json\/wp\/v2\/posts\/13853\/revisions"}],"predecessor-version":[{"id":19098,"href":"https:\/\/ufpr.br\/propg\/wp-json\/wp\/v2\/posts\/13853\/revisions\/19098"}],"wp:attachment":[{"href":"https:\/\/ufpr.br\/propg\/wp-json\/wp\/v2\/media?parent=13853"}],"wp:term":[{"taxonomy":"category","embeddable":true,"href":"https:\/\/ufpr.br\/propg\/wp-json\/wp\/v2\/categories?post=13853"},{"taxonomy":"post_tag","embeddable":true,"href":"https:\/\/ufpr.br\/propg\/wp-json\/wp\/v2\/tags?post=13853"}],"curies":[{"name":"wp","href":"https:\/\/api.w.org\/{rel}","templated":true}]}}