{"id":13851,"date":"2017-07-07T17:52:02","date_gmt":"2017-07-07T20:52:02","guid":{"rendered":"https:\/\/ufpr.br\/disciplinas-de-formacao-transversal-procedimentos-para-adocao-dessa-nova-estrategia"},"modified":"2025-11-28T14:23:17","modified_gmt":"2025-11-28T17:23:17","slug":"disciplinas-de-formacao-transversal-procedimentos-para-adocao-dessa-nova-estrategia","status":"publish","type":"post","link":"https:\/\/ufpr.br\/propg\/disciplinas-de-formacao-transversal-procedimentos-para-adocao-dessa-nova-estrategia\/","title":{"rendered":"Disciplinas de Forma\u00e7\u00e3o Transversal: procedimentos para ado\u00e7\u00e3o dessa nova estrat\u00e9gia"},"content":{"rendered":"\n<p>A Pr\u00f3-Reitoria de Pesquisa e P\u00f3s-Gradua\u00e7\u00e3o, como parte de uma a\u00e7\u00e3o institucional que visa colaborar com a melhoria da qualidade formativa dos programas de p\u00f3s-gradua\u00e7\u00e3o, apresenta uma proposta inovadora: as disciplinas de forma\u00e7\u00e3o transversal cujo procedimento de ado\u00e7\u00e3o est\u00e1 destacado no <a href=\"https:\/\/ufpr.br\/propg\/wp-content\/uploads\/2025\/09\/of-008-de-2017-disciplinas-de-formacao-transversal.pdf\" target=\"_blank\" rel=\"noreferrer noopener\">Of\u00edcio Circular n\u00ba 008\/2017<\/a>.<\/p>\n","protected":false},"excerpt":{"rendered":"<p>A Pr\u00f3-Reitoria de Pesquisa e P\u00f3s-Gradua\u00e7\u00e3o, como parte de uma a\u00e7\u00e3o institucional que visa colaborar com a melhoria da qualidade formativa dos programas de p\u00f3s-gradua\u00e7\u00e3o, apresenta uma proposta inovadora: as disciplinas de forma\u00e7\u00e3o transversal cujo procedimento de ado\u00e7\u00e3o est\u00e1 destacado no Of\u00edcio Circular n\u00ba 008\/2017.<\/p>\n","protected":false},"author":15,"featured_media":0,"comment_status":"open","ping_status":"open","sticky":false,"template":"","format":"standard","meta":{"footnotes":""},"categories":[386],"tags":[],"class_list":["post-13851","post","type-post","status-publish","format-standard","hentry","category-mestrado-e-doutorado"],"_links":{"self":[{"href":"https:\/\/ufpr.br\/propg\/wp-json\/wp\/v2\/posts\/13851","targetHints":{"allow":["GET"]}}],"collection":[{"href":"https:\/\/ufpr.br\/propg\/wp-json\/wp\/v2\/posts"}],"about":[{"href":"https:\/\/ufpr.br\/propg\/wp-json\/wp\/v2\/types\/post"}],"author":[{"embeddable":true,"href":"https:\/\/ufpr.br\/propg\/wp-json\/wp\/v2\/users\/15"}],"replies":[{"embeddable":true,"href":"https:\/\/ufpr.br\/propg\/wp-json\/wp\/v2\/comments?post=13851"}],"version-history":[{"count":3,"href":"https:\/\/ufpr.br\/propg\/wp-json\/wp\/v2\/posts\/13851\/revisions"}],"predecessor-version":[{"id":18279,"href":"https:\/\/ufpr.br\/propg\/wp-json\/wp\/v2\/posts\/13851\/revisions\/18279"}],"wp:attachment":[{"href":"https:\/\/ufpr.br\/propg\/wp-json\/wp\/v2\/media?parent=13851"}],"wp:term":[{"taxonomy":"category","embeddable":true,"href":"https:\/\/ufpr.br\/propg\/wp-json\/wp\/v2\/categories?post=13851"},{"taxonomy":"post_tag","embeddable":true,"href":"https:\/\/ufpr.br\/propg\/wp-json\/wp\/v2\/tags?post=13851"}],"curies":[{"name":"wp","href":"https:\/\/api.w.org\/{rel}","templated":true}]}}