{"id":13800,"date":"2017-06-30T08:33:55","date_gmt":"2017-06-30T11:33:55","guid":{"rendered":"https:\/\/ufpr.br\/edital-de-apoio-aos-periodicos-2017"},"modified":"2025-11-28T14:15:37","modified_gmt":"2025-11-28T17:15:37","slug":"edital-de-apoio-aos-periodicos-2017","status":"publish","type":"post","link":"https:\/\/ufpr.br\/propg\/edital-de-apoio-aos-periodicos-2017\/","title":{"rendered":"Edital de Apoio aos Peri\u00f3dicos 2017"},"content":{"rendered":"\n<p>A Universidade Federal do Paran\u00e1 (UFPR), por interm\u00e9dio da Pr\u00f3-Reitoria de Pesquisa e P\u00f3s-Gradua\u00e7\u00e3o (PRPPG), torna p\u00fablico o Edital de Apoio \u00e0 Editora\u00e7\u00e3o de Peri\u00f3dicos Cient\u00edficos e convoca os interessados a apresentarem propostas nos termos estabelecidos de acordo com a pol\u00edtica do Programa de Apoio \u00e0 Editora\u00e7\u00e3o de Peri\u00f3dicos Cient\u00edficos da UFPR:<\/p>\n\n\n\n<ul class=\"wp-block-list\">\n<li>Acesse o <a href=\"https:\/\/ufpr.br\/propg\/wp-content\/uploads\/2025\/10\/edital_2017_apoio-aos-peridicos.pdf\" target=\"_blank\" rel=\"noreferrer noopener\">Edital de Apoio \u00e0 Editora\u00e7\u00e3o e Publica\u00e7\u00e3o de Peri\u00f3dicos Cient\u00edficos da UFPR &#8211; 2017<\/a>.<\/li>\n<\/ul>\n\n\n\n<p><span style=\"text-decoration: underline; color: #993300;\"><strong>Aten\u00e7\u00e3o:<\/strong><\/span><\/p>\n\n\n\n<p>Inscri\u00e7\u00f5es para o Edital de Apoio aos Peri\u00f3dicos 2017 dever\u00e3o ser realizadas \u00a0via SEI<\/p>\n\n\n\n<p>&nbsp;<\/p>\n\n\n\n<p>&nbsp;<\/p>\n\n\n\n<p>&nbsp;<\/p>\n\n\n\n<p>&nbsp;<\/p>\n","protected":false},"excerpt":{"rendered":"<p>A Universidade Federal do Paran\u00e1 (UFPR), por interm\u00e9dio da Pr\u00f3-Reitoria de Pesquisa e P\u00f3s-Gradua\u00e7\u00e3o (PRPPG), torna p\u00fablico o Edital de Apoio \u00e0 Editora\u00e7\u00e3o de Peri\u00f3dicos Cient\u00edficos e convoca os interessados a apresentarem propostas nos termos estabelecidos de acordo com a pol\u00edtica do Programa de Apoio \u00e0 Editora\u00e7\u00e3o de Peri\u00f3dicos Cient\u00edficos da UFPR: Aten\u00e7\u00e3o: Inscri\u00e7\u00f5es para [&hellip;]<\/p>\n","protected":false},"author":16,"featured_media":0,"comment_status":"open","ping_status":"open","sticky":false,"template":"","format":"standard","meta":{"footnotes":""},"categories":[381,386],"tags":[],"class_list":["post-13800","post","type-post","status-publish","format-standard","hentry","category-editais-e-processos-seletivos","category-mestrado-e-doutorado"],"_links":{"self":[{"href":"https:\/\/ufpr.br\/propg\/wp-json\/wp\/v2\/posts\/13800","targetHints":{"allow":["GET"]}}],"collection":[{"href":"https:\/\/ufpr.br\/propg\/wp-json\/wp\/v2\/posts"}],"about":[{"href":"https:\/\/ufpr.br\/propg\/wp-json\/wp\/v2\/types\/post"}],"author":[{"embeddable":true,"href":"https:\/\/ufpr.br\/propg\/wp-json\/wp\/v2\/users\/16"}],"replies":[{"embeddable":true,"href":"https:\/\/ufpr.br\/propg\/wp-json\/wp\/v2\/comments?post=13800"}],"version-history":[{"count":5,"href":"https:\/\/ufpr.br\/propg\/wp-json\/wp\/v2\/posts\/13800\/revisions"}],"predecessor-version":[{"id":18248,"href":"https:\/\/ufpr.br\/propg\/wp-json\/wp\/v2\/posts\/13800\/revisions\/18248"}],"wp:attachment":[{"href":"https:\/\/ufpr.br\/propg\/wp-json\/wp\/v2\/media?parent=13800"}],"wp:term":[{"taxonomy":"category","embeddable":true,"href":"https:\/\/ufpr.br\/propg\/wp-json\/wp\/v2\/categories?post=13800"},{"taxonomy":"post_tag","embeddable":true,"href":"https:\/\/ufpr.br\/propg\/wp-json\/wp\/v2\/tags?post=13800"}],"curies":[{"name":"wp","href":"https:\/\/api.w.org\/{rel}","templated":true}]}}