{"id":13799,"date":"2017-06-29T08:02:52","date_gmt":"2017-06-29T11:02:52","guid":{"rendered":"https:\/\/ufpr.br\/apcn-calendario-para-propostas-de-cursos-novos-na-ufpr"},"modified":"2025-11-28T14:15:55","modified_gmt":"2025-11-28T17:15:55","slug":"apcn-calendario-para-propostas-de-cursos-novos-na-ufpr","status":"publish","type":"post","link":"https:\/\/ufpr.br\/propg\/apcn-calendario-para-propostas-de-cursos-novos-na-ufpr\/","title":{"rendered":"[APCN] Calend\u00e1rio para propostas de cursos novos de mestrado e doutorado"},"content":{"rendered":"\n<p>A PRPPG receber\u00e1 novas propostas de cursos novos (mestrado e doutorado)&nbsp;a partir de 01\/08\/2017.<\/p>\n\n\n\n<p>&nbsp;<\/p>\n\n\n\n<p><strong>Procedimentos<\/strong><\/p>\n\n\n\n<p>As propostas dever\u00e3o ser encaminhadas \u00e0 PRPPG e cadastradas no SIGA a partir do dia 01\/08\/2017. &nbsp;O coordenador do projeto dever\u00e1 apresentar a <strong>anu\u00eancia formal dos Conselhos Setoriais<\/strong>&nbsp;(junto com a documenta\u00e7\u00e3o da proposta) at\u00e9 o dia 10\/10\/2017. Ap\u00f3s o cadastramento da proposta na Plataforma SIGA, a PRPPG instituir\u00e1 uma comiss\u00e3o para analisar a qualidade das propostas, cuja avalia\u00e7\u00e3o ocorrer\u00e1 de 11 a 15\/10\/2017. A homologa\u00e7\u00e3o das informa\u00e7\u00f5es inseridas na Plataforma Sucupira pela PRPPG ocorrer\u00e1&nbsp;de 15 a 19\/10\/2017.<\/p>\n\n\n\n<p>&nbsp;<\/p>\n\n\n\n<p><strong>Calend\u00e1rio&nbsp;<\/strong><\/p>\n\n\n\n<ul class=\"wp-block-list\">\n<li>Submiss\u00e3o propostas para an\u00e1lise da PRPPG: <strong>01\/08\/2017 a<\/strong> <strong>10\/10\/2017<\/strong><\/li>\n\n\n\n<li>Anu\u00eancia formal dos Conselhos Setoriais: <strong>10\/10\/17<\/strong> (<u>n\u00e3o<\/u> pode ser <em>ad referendum<\/em>)<\/li>\n\n\n\n<li>An\u00e1lise da comiss\u00e3o <strong>11 a 15\/10\/2017<\/strong><\/li>\n\n\n\n<li>Homologa\u00e7\u00e3o pela PRPPG: <strong>15 a 19\/10\/2017<\/strong><\/li>\n\n\n\n<li>Submiss\u00e3o de APCN na CAPES: de <strong>12\/09\/17 a 20\/10\/17<\/strong><\/li>\n<\/ul>\n\n\n\n<p>&nbsp;<\/p>\n\n\n\n<p><strong>Saiba mais&nbsp; <\/strong><\/p>\n\n\n\n<ul class=\"wp-block-list\">\n<li><a href=\"https:\/\/ufpr.br\/propg\/wp-content\/uploads\/2025\/09\/of-005-de-2017-calendrio-apcn-para-propostas-de-cursos-novos.pdf\" target=\"_blank\" rel=\"noreferrer noopener\">Of. 005 de 2017<\/a>\u00a0\u2013 \u00a0Calend\u00e1rio APCN para propostas de cursos novos\u00a0|\u00a0<a href=\"http:\/\/www.capes.gov.br\/images\/stories\/download\/diversos\/23062017-Seminario-APCN.pdf\" target=\"_blank\" rel=\"noreferrer noopener\">Anexo<\/a>:\u00a0Semin\u00e1rio APCN CAPES 2017<\/li>\n<\/ul>\n\n\n\n<p>O\u00a0semin\u00e1rio realizado em junho pela CAPES com orienta\u00e7\u00f5es gerais para elabora\u00e7\u00e3o de propostas de cursos novos pode ser acessado no <a href=\"https:\/\/ufpr.br\/propg\/apcn-seminario\/\" target=\"_blank\" rel=\"noreferrer noopener\">site da PRPPG<\/a><strong>.<\/strong><\/p>\n\n\n\n<p>&nbsp;<\/p>\n\n\n\n<p>&nbsp;<\/p>\n\n\n\n<p><\/p>\n","protected":false},"excerpt":{"rendered":"<p>A PRPPG receber\u00e1 novas propostas de cursos novos (mestrado e doutorado)&nbsp;a partir de 01\/08\/2017. &nbsp; Procedimentos As propostas dever\u00e3o ser encaminhadas \u00e0 PRPPG e cadastradas no SIGA a partir do dia 01\/08\/2017. &nbsp;O coordenador do projeto dever\u00e1 apresentar a anu\u00eancia formal dos Conselhos Setoriais&nbsp;(junto com a documenta\u00e7\u00e3o da proposta) at\u00e9 o dia 10\/10\/2017. Ap\u00f3s o [&hellip;]<\/p>\n","protected":false},"author":16,"featured_media":0,"comment_status":"open","ping_status":"open","sticky":false,"template":"","format":"standard","meta":{"footnotes":""},"categories":[386],"tags":[],"class_list":["post-13799","post","type-post","status-publish","format-standard","hentry","category-mestrado-e-doutorado"],"_links":{"self":[{"href":"https:\/\/ufpr.br\/propg\/wp-json\/wp\/v2\/posts\/13799","targetHints":{"allow":["GET"]}}],"collection":[{"href":"https:\/\/ufpr.br\/propg\/wp-json\/wp\/v2\/posts"}],"about":[{"href":"https:\/\/ufpr.br\/propg\/wp-json\/wp\/v2\/types\/post"}],"author":[{"embeddable":true,"href":"https:\/\/ufpr.br\/propg\/wp-json\/wp\/v2\/users\/16"}],"replies":[{"embeddable":true,"href":"https:\/\/ufpr.br\/propg\/wp-json\/wp\/v2\/comments?post=13799"}],"version-history":[{"count":5,"href":"https:\/\/ufpr.br\/propg\/wp-json\/wp\/v2\/posts\/13799\/revisions"}],"predecessor-version":[{"id":18251,"href":"https:\/\/ufpr.br\/propg\/wp-json\/wp\/v2\/posts\/13799\/revisions\/18251"}],"wp:attachment":[{"href":"https:\/\/ufpr.br\/propg\/wp-json\/wp\/v2\/media?parent=13799"}],"wp:term":[{"taxonomy":"category","embeddable":true,"href":"https:\/\/ufpr.br\/propg\/wp-json\/wp\/v2\/categories?post=13799"},{"taxonomy":"post_tag","embeddable":true,"href":"https:\/\/ufpr.br\/propg\/wp-json\/wp\/v2\/tags?post=13799"}],"curies":[{"name":"wp","href":"https:\/\/api.w.org\/{rel}","templated":true}]}}