{"id":13790,"date":"2017-06-06T11:29:39","date_gmt":"2017-06-06T14:29:39","guid":{"rendered":"https:\/\/ufpr.br\/treinamento-siga-3-0-latosensu"},"modified":"2025-11-28T14:18:18","modified_gmt":"2025-11-28T17:18:18","slug":"treinamento-siga-3-0-latosensu","status":"publish","type":"post","link":"https:\/\/ufpr.br\/propg\/treinamento-siga-3-0-latosensu\/","title":{"rendered":"Treinamento SIGA 3.0 \u2013 LatoSensu"},"content":{"rendered":"\n<p><span style=\"color: #000000;\">Convidamos os coordenadores e secret\u00e1rios dos cursos de especializa\u00e7\u00e3o e aperfei\u00e7oamento para o <strong>treinamento sobre as novas funcionalidades da vers\u00e3o 3.0 da Plataforma SIGA &#8211; <em>Lato&nbsp;Sensu<\/em><\/strong>.<\/span><\/p>\n\n\n\n<p><span style=\"color: #000000;\">O treinamento \u00e9 voltado para capacitar o servidor que far\u00e1 a alimenta\u00e7\u00e3o dos dados no sistema e ter\u00e1 dura\u00e7\u00e3o de 03 horas.&nbsp;Durante o treinamento ser\u00e3o apresentadas as funcionalidades do SIGA, dentre elas:<\/span><\/p>\n\n\n\n<ul class=\"wp-block-list\">\n<li><span style=\"color: #000000;\">Processos e procedimentos simplificados<\/span><\/li>\n\n\n\n<li><span style=\"color: #000000;\">Uniformiza\u00e7\u00e3o de procedimentos<\/span><\/li>\n\n\n\n<li><span style=\"color: #000000;\">Melhoria da qualidade dos dados<\/span><\/li>\n<\/ul>\n\n\n\n<p><span style=\"color: #000000;\">Ser\u00e3o oferecidas duas turmas com at\u00e9 30 pessoas cada:<\/span><\/p>\n\n\n\n<ul class=\"wp-block-list\">\n<li><span style=\"color: #000000;\">Turma 01: dia <strong>19\/06\/17 \u00a0<\/strong> &#8211; \u00a0das 09h as 12h (segunda-feira de\u00a0manh\u00e3)<\/span><\/li>\n\n\n\n<li><span style=\"color: #000000;\">Turma 02: dia <strong>20\/06\/17<\/strong>\u00a0 &#8211;\u00a0 das 14h as 17h (ter\u00e7a-feira a\u00a0tarde)<\/span><\/li>\n<\/ul>\n\n\n\n<p><span style=\"color: #000000;\"><strong style=\"color: #000000;\"> Inscri\u00e7\u00f5es<\/strong><\/span><\/p>\n\n\n\n<p><span style=\"color: #000000;\">As inscri\u00e7\u00f5es poder\u00e3o ser realizadas at\u00e9 o dia <strong>12\/06\/2017<\/strong>, <strong>exclusivamente atrav\u00e9s do formul\u00e1rio eletr\u00f4nico&nbsp;enviado para as coordena\u00e7\u00f5es<\/strong>.&nbsp;A PRPPG confirmar\u00e1 a inscri\u00e7\u00e3o, conforme a disponibilidade de vagas, por ordem de preenchimento e envio do formul\u00e1rio.<\/span><\/p>\n","protected":false},"excerpt":{"rendered":"<p>Convidamos os coordenadores e secret\u00e1rios dos cursos de especializa\u00e7\u00e3o e aperfei\u00e7oamento para o treinamento sobre as novas funcionalidades da vers\u00e3o 3.0 da Plataforma SIGA &#8211; Lato&nbsp;Sensu. O treinamento \u00e9 voltado para capacitar o servidor que far\u00e1 a alimenta\u00e7\u00e3o dos dados no sistema e ter\u00e1 dura\u00e7\u00e3o de 03 horas.&nbsp;Durante o treinamento ser\u00e3o apresentadas as funcionalidades do [&hellip;]<\/p>\n","protected":false},"author":16,"featured_media":0,"comment_status":"open","ping_status":"open","sticky":false,"template":"","format":"standard","meta":{"footnotes":""},"categories":[382],"tags":[],"class_list":["post-13790","post","type-post","status-publish","format-standard","hentry","category-especializacao-e-residencia"],"_links":{"self":[{"href":"https:\/\/ufpr.br\/propg\/wp-json\/wp\/v2\/posts\/13790","targetHints":{"allow":["GET"]}}],"collection":[{"href":"https:\/\/ufpr.br\/propg\/wp-json\/wp\/v2\/posts"}],"about":[{"href":"https:\/\/ufpr.br\/propg\/wp-json\/wp\/v2\/types\/post"}],"author":[{"embeddable":true,"href":"https:\/\/ufpr.br\/propg\/wp-json\/wp\/v2\/users\/16"}],"replies":[{"embeddable":true,"href":"https:\/\/ufpr.br\/propg\/wp-json\/wp\/v2\/comments?post=13790"}],"version-history":[{"count":3,"href":"https:\/\/ufpr.br\/propg\/wp-json\/wp\/v2\/posts\/13790\/revisions"}],"predecessor-version":[{"id":18266,"href":"https:\/\/ufpr.br\/propg\/wp-json\/wp\/v2\/posts\/13790\/revisions\/18266"}],"wp:attachment":[{"href":"https:\/\/ufpr.br\/propg\/wp-json\/wp\/v2\/media?parent=13790"}],"wp:term":[{"taxonomy":"category","embeddable":true,"href":"https:\/\/ufpr.br\/propg\/wp-json\/wp\/v2\/categories?post=13790"},{"taxonomy":"post_tag","embeddable":true,"href":"https:\/\/ufpr.br\/propg\/wp-json\/wp\/v2\/tags?post=13790"}],"curies":[{"name":"wp","href":"https:\/\/api.w.org\/{rel}","templated":true}]}}