{"id":13774,"date":"2017-03-11T21:47:35","date_gmt":"2017-03-12T00:47:35","guid":{"rendered":"https:\/\/ufpr.br\/inscricoes-para-o-processo-seletivo-do-curso-de-especializacao-em-odontopediatria"},"modified":"2025-11-28T14:11:10","modified_gmt":"2025-11-28T17:11:10","slug":"inscricoes-para-o-processo-seletivo-do-curso-de-especializacao-em-odontopediatria","status":"publish","type":"post","link":"https:\/\/ufpr.br\/propg\/inscricoes-para-o-processo-seletivo-do-curso-de-especializacao-em-odontopediatria\/","title":{"rendered":"Inscri\u00e7\u00f5es para o processo seletivo do curso de Especializa\u00e7\u00e3o em Odontopediatria"},"content":{"rendered":"\n<p>Est\u00e3o abertas, at\u00e9 o dia 12\/04\/2017, as inscri\u00e7\u00f5es para o processo seletivo de alunos para a d\u00e9cima turma do curso de Especializa\u00e7\u00e3o em Odontopediatria, oferecido pelo Departamento de Estomatologia do Setor de Ci\u00eancias da Sa\u00fade da UFPR. As provas ser\u00e3o realizadas no dia 13\/04\/2017 e a previs\u00e3o de in\u00edcio das aulas \u00e9 no dia 27\/04\/2017. O curso ter\u00e1 carga hor\u00e1ria de 858 horas\/aula, com atividades te\u00f3ricas, laboratoriais e cl\u00ednicas. As inscri\u00e7\u00f5es podem ser feitas atrav\u00e9s do link:<\/p>\n\n\n\n<p><a href=\"https:\/\/siga.ufpr.br\/siga\/visitante\/processoseletivo\/index.jsp?sequencial=382\" target=\"_blank\" rel=\"noreferrer noopener\">FICHA DE INSCRI\u00c7\u00c3O ESPECIALIZA\u00c7\u00c3O EM ODONTOPEDIATRIA<\/a><\/p>\n\n\n\n<p><a href=\"https:\/\/ufpr.br\/propg\/wp-content\/uploads\/2025\/10\/edital_01_17_inscricoes_odontopediatria.pdf\" target=\"_blank\" rel=\"noreferrer noopener\">ACESSE AQUI O EDITAL<\/a><\/p>\n\n\n\n<p>&nbsp;<\/p>\n\n\n\n<p>Maiores informa\u00e7\u00f5es no e-mail odontopediatria@ufpr.br e nos telefones 41-33604025 ou 41-33604128.<\/p>\n","protected":false},"excerpt":{"rendered":"<p>Est\u00e3o abertas, at\u00e9 o dia 12\/04\/2017, as inscri\u00e7\u00f5es para o processo seletivo de alunos para a d\u00e9cima turma do curso de Especializa\u00e7\u00e3o em Odontopediatria, oferecido pelo Departamento de Estomatologia do Setor de Ci\u00eancias da Sa\u00fade da UFPR. As provas ser\u00e3o realizadas no dia 13\/04\/2017 e a previs\u00e3o de in\u00edcio das aulas \u00e9 no dia 27\/04\/2017. [&hellip;]<\/p>\n","protected":false},"author":15,"featured_media":0,"comment_status":"open","ping_status":"open","sticky":false,"template":"","format":"standard","meta":{"footnotes":""},"categories":[381,382],"tags":[],"class_list":["post-13774","post","type-post","status-publish","format-standard","hentry","category-editais-e-processos-seletivos","category-especializacao-e-residencia"],"_links":{"self":[{"href":"https:\/\/ufpr.br\/propg\/wp-json\/wp\/v2\/posts\/13774","targetHints":{"allow":["GET"]}}],"collection":[{"href":"https:\/\/ufpr.br\/propg\/wp-json\/wp\/v2\/posts"}],"about":[{"href":"https:\/\/ufpr.br\/propg\/wp-json\/wp\/v2\/types\/post"}],"author":[{"embeddable":true,"href":"https:\/\/ufpr.br\/propg\/wp-json\/wp\/v2\/users\/15"}],"replies":[{"embeddable":true,"href":"https:\/\/ufpr.br\/propg\/wp-json\/wp\/v2\/comments?post=13774"}],"version-history":[{"count":5,"href":"https:\/\/ufpr.br\/propg\/wp-json\/wp\/v2\/posts\/13774\/revisions"}],"predecessor-version":[{"id":18239,"href":"https:\/\/ufpr.br\/propg\/wp-json\/wp\/v2\/posts\/13774\/revisions\/18239"}],"wp:attachment":[{"href":"https:\/\/ufpr.br\/propg\/wp-json\/wp\/v2\/media?parent=13774"}],"wp:term":[{"taxonomy":"category","embeddable":true,"href":"https:\/\/ufpr.br\/propg\/wp-json\/wp\/v2\/categories?post=13774"},{"taxonomy":"post_tag","embeddable":true,"href":"https:\/\/ufpr.br\/propg\/wp-json\/wp\/v2\/tags?post=13774"}],"curies":[{"name":"wp","href":"https:\/\/api.w.org\/{rel}","templated":true}]}}