{"id":13770,"date":"2017-02-03T14:37:46","date_gmt":"2017-02-03T16:37:46","guid":{"rendered":"https:\/\/ufpr.br\/resultado-do-processo-seletivo-do-curso-de-especializacao-em-dermatologia-pediatrica"},"modified":"2025-11-28T14:10:22","modified_gmt":"2025-11-28T17:10:22","slug":"resultado-do-processo-seletivo-do-curso-de-especializacao-em-dermatologia-pediatrica","status":"publish","type":"post","link":"https:\/\/ufpr.br\/propg\/resultado-do-processo-seletivo-do-curso-de-especializacao-em-dermatologia-pediatrica\/","title":{"rendered":"Resultado do Processo Seletivo do Curso de Especializa\u00e7\u00e3o em Dermatologia Pedi\u00e1trica"},"content":{"rendered":"\n<p>RESULTADO DO PROCESSO SELETIVO PARA TURMA 2017:<\/p>\n\n\n\n<p>Candidatas aprovadas:<br>DANIELLE ARAKE ZANATTA<br>NARA FROTA ANDRE<\/p>\n","protected":false},"excerpt":{"rendered":"<p>RESULTADO DO PROCESSO SELETIVO PARA TURMA 2017: Candidatas aprovadas:DANIELLE ARAKE ZANATTANARA FROTA ANDRE<\/p>\n","protected":false},"author":15,"featured_media":0,"comment_status":"open","ping_status":"open","sticky":false,"template":"","format":"standard","meta":{"footnotes":""},"categories":[382],"tags":[],"class_list":["post-13770","post","type-post","status-publish","format-standard","hentry","category-especializacao-e-residencia"],"_links":{"self":[{"href":"https:\/\/ufpr.br\/propg\/wp-json\/wp\/v2\/posts\/13770","targetHints":{"allow":["GET"]}}],"collection":[{"href":"https:\/\/ufpr.br\/propg\/wp-json\/wp\/v2\/posts"}],"about":[{"href":"https:\/\/ufpr.br\/propg\/wp-json\/wp\/v2\/types\/post"}],"author":[{"embeddable":true,"href":"https:\/\/ufpr.br\/propg\/wp-json\/wp\/v2\/users\/15"}],"replies":[{"embeddable":true,"href":"https:\/\/ufpr.br\/propg\/wp-json\/wp\/v2\/comments?post=13770"}],"version-history":[{"count":3,"href":"https:\/\/ufpr.br\/propg\/wp-json\/wp\/v2\/posts\/13770\/revisions"}],"predecessor-version":[{"id":18237,"href":"https:\/\/ufpr.br\/propg\/wp-json\/wp\/v2\/posts\/13770\/revisions\/18237"}],"wp:attachment":[{"href":"https:\/\/ufpr.br\/propg\/wp-json\/wp\/v2\/media?parent=13770"}],"wp:term":[{"taxonomy":"category","embeddable":true,"href":"https:\/\/ufpr.br\/propg\/wp-json\/wp\/v2\/categories?post=13770"},{"taxonomy":"post_tag","embeddable":true,"href":"https:\/\/ufpr.br\/propg\/wp-json\/wp\/v2\/tags?post=13770"}],"curies":[{"name":"wp","href":"https:\/\/api.w.org\/{rel}","templated":true}]}}