{"id":13764,"date":"2022-10-26T14:05:50","date_gmt":"2022-10-26T17:05:50","guid":{"rendered":"https:\/\/ufpr.br\/eventos-75a-edicao-da-reuniao-anual-da-sbpc-novo-prazo"},"modified":"2025-12-02T09:09:19","modified_gmt":"2025-12-02T12:09:19","slug":"eventos-75a-edicao-da-reuniao-anual-da-sbpc-novo-prazo","status":"publish","type":"post","link":"https:\/\/ufpr.br\/propg\/eventos-75a-edicao-da-reuniao-anual-da-sbpc-novo-prazo\/","title":{"rendered":"[Eventos] 75\u00aa edi\u00e7\u00e3o da Reuni\u00e3o Anual da SBPC &#8211; Novo prazo para inscri\u00e7\u00e3o de propostas das atividades cient\u00edficas: at\u00e9 07\/11\/2022!"},"content":{"rendered":"<div class=\"wp-block-image\">\n<figure class=\"aligncenter size-large is-resized\"><img decoding=\"async\" src=\"https:\/\/ufpr.br\/propg\/wp-content\/uploads\/2022\/10\/logo-75sbpc-1-1024x683.jpg\" alt=\"\" class=\"wp-image-35391\" style=\"width:600px\"\/><\/figure><\/div>\n\n\n<div style=\"height:25px\" aria-hidden=\"true\" class=\"wp-block-spacer\"><\/div>\n\n\n\n<p><em>A Universidade Federal do Paran\u00e1 (UFPR) e a Sociedade Brasileira para o Progresso da Ci\u00eancia (SBPC) convida a todos(as) os(as) pesquisadores(as), docentes, t\u00e9cnicos(as) administrativos e estudantes\u00a0a\u00a0proporem\u00a0atividades\u00a0para compor a programa\u00e7\u00e3o cient\u00edfica da 75\u00aa edi\u00e7\u00e3o da Reuni\u00e3o Anual da SBPC.\u00a0Este, que \u00e9 o maior evento cient\u00edfico da Am\u00e9rica Latina,\u00a0ter\u00e1 sua pr\u00f3xima edi\u00e7\u00e3o, em 2023,\u00a0sediado em Curitiba, tendo a UFPR como anfitri\u00e3\u00a0e outras institui\u00e7\u00f5es parceiras na promo\u00e7\u00e3o do evento.\u00a0<\/em><\/p>\n\n\n\n<p><em>Os(as) interessados(as) devem submeter suas propostas para as modalidades Confer\u00eancia (CO), Mesa-redonda (MR) e\u00a0Webminicurso\u00a0(WMC)\u00a0<strong>at\u00e9 o dia\u00a007 de novembro\u00a0de 2022,<\/strong>\u00a0de acordo com edital\u00a0\u00a0dispon\u00edvel\u00a0\u00a0<a href=\"http:\/\/www.proec.ufpr.br\/download\/gabinete\/2022\/Edital_ATUALIZADO_01_2022_SEI_5023278.pdf\" target=\"_blank\" rel=\"noreferrer noopener\">neste link<\/a>.<\/em><\/p>\n\n\n\n<p><em>Contamos com a participa\u00e7\u00e3o e colabora\u00e7\u00e3o de todos(as), no sentido de fazermos desse encontro um relevante momento de afirma\u00e7\u00e3o e celebra\u00e7\u00e3o da ci\u00eancia brasileira.\u00a0<\/em><\/p>\n\n\n\n<p><em>Pedimos que, por gentileza e amor \u00e0 ci\u00eancia e ao conhecimento, divulguem o edital atrav\u00e9s de seus&nbsp;e-mails&nbsp;institucionais, redes sociais e demais aplicativos de compartilhamento.&nbsp;<\/em><\/p>\n\n\n\n<p><em>Para mais informa\u00e7\u00f5es, acesse:&nbsp;<a href=\"http:\/\/www.proec.ufpr.br\/links\/gabinete.html\" target=\"_blank\" rel=\"noreferrer noopener\">PROEC UFPR<\/a>.<\/em><\/p>\n\n\n\n<p><em>E acompanhem as&nbsp;<a href=\"https:\/\/linktr.ee\/sbpcnaufpr\" target=\"_blank\" rel=\"noreferrer noopener\">Redes Sociais Oficiais do Evento<\/a>.<\/em><\/p>\n\n\n\n<p>&nbsp;<\/p>\n","protected":false},"excerpt":{"rendered":"<p>A Universidade Federal do Paran\u00e1 (UFPR) e a Sociedade Brasileira para o Progresso da Ci\u00eancia (SBPC) convida a todos(as) os(as) pesquisadores(as), docentes, t\u00e9cnicos(as) administrativos e estudantes\u00a0a\u00a0proporem\u00a0atividades\u00a0para compor a programa\u00e7\u00e3o cient\u00edfica da 75\u00aa edi\u00e7\u00e3o da Reuni\u00e3o Anual da SBPC.\u00a0Este, que \u00e9 o maior evento cient\u00edfico da Am\u00e9rica Latina,\u00a0ter\u00e1 sua pr\u00f3xima edi\u00e7\u00e3o, em 2023,\u00a0sediado em Curitiba, tendo [&hellip;]<\/p>\n","protected":false},"author":18,"featured_media":0,"comment_status":"open","ping_status":"open","sticky":false,"template":"","format":"standard","meta":{"footnotes":""},"categories":[381,386],"tags":[],"class_list":["post-13764","post","type-post","status-publish","format-standard","hentry","category-editais-e-processos-seletivos","category-mestrado-e-doutorado"],"_links":{"self":[{"href":"https:\/\/ufpr.br\/propg\/wp-json\/wp\/v2\/posts\/13764","targetHints":{"allow":["GET"]}}],"collection":[{"href":"https:\/\/ufpr.br\/propg\/wp-json\/wp\/v2\/posts"}],"about":[{"href":"https:\/\/ufpr.br\/propg\/wp-json\/wp\/v2\/types\/post"}],"author":[{"embeddable":true,"href":"https:\/\/ufpr.br\/propg\/wp-json\/wp\/v2\/users\/18"}],"replies":[{"embeddable":true,"href":"https:\/\/ufpr.br\/propg\/wp-json\/wp\/v2\/comments?post=13764"}],"version-history":[{"count":6,"href":"https:\/\/ufpr.br\/propg\/wp-json\/wp\/v2\/posts\/13764\/revisions"}],"predecessor-version":[{"id":19077,"href":"https:\/\/ufpr.br\/propg\/wp-json\/wp\/v2\/posts\/13764\/revisions\/19077"}],"wp:attachment":[{"href":"https:\/\/ufpr.br\/propg\/wp-json\/wp\/v2\/media?parent=13764"}],"wp:term":[{"taxonomy":"category","embeddable":true,"href":"https:\/\/ufpr.br\/propg\/wp-json\/wp\/v2\/categories?post=13764"},{"taxonomy":"post_tag","embeddable":true,"href":"https:\/\/ufpr.br\/propg\/wp-json\/wp\/v2\/tags?post=13764"}],"curies":[{"name":"wp","href":"https:\/\/api.w.org\/{rel}","templated":true}]}}