{"id":13755,"date":"2016-10-11T12:55:33","date_gmt":"2016-10-11T15:55:33","guid":{"rendered":"https:\/\/ufpr.br\/processo-seletivo-para-o-mestrado-do-programa-de-pos-graduacao-em-ciencias-farmaceuticas"},"modified":"2025-11-28T14:04:25","modified_gmt":"2025-11-28T17:04:25","slug":"processo-seletivo-para-o-mestrado-do-programa-de-pos-graduacao-em-ciencias-farmaceuticas","status":"publish","type":"post","link":"https:\/\/ufpr.br\/propg\/processo-seletivo-para-o-mestrado-do-programa-de-pos-graduacao-em-ciencias-farmaceuticas\/","title":{"rendered":"Processo Seletivo para o Mestrado do Programa de P\u00f3s-Gradua\u00e7\u00e3o em Ci\u00eancias Farmac\u00eauticas"},"content":{"rendered":"\n<p><strong>PROCESSO SELETIVO PARA O MESTRADO DO PROGRAMA DE P\u00d3S-GRADUA\u00c7\u00c3O EM CI\u00caNCIAS FARMAC\u00caUTICAS<\/strong><\/p>\n\n\n\n<p>Est\u00e1 aberto o Processo Seletivo para Mestrado (Turma 2017) do Programa de P\u00f3s-Gradua\u00e7\u00e3o em Ci\u00eancias Farmac\u00eauticas da UFPR.<\/p>\n\n\n\n<p>O per\u00edodo de inscri\u00e7\u00e3o ser\u00e1 do dia 01 de outubro at\u00e9 04 de dezembro de 2016, exclusivamente por meio de formul\u00e1rio eletr\u00f4nico dispon\u00edvel no site&nbsp;<a href=\"http:\/\/www.farmaceuticas.ufpr.br\/\" target=\"_blank\" rel=\"noopener\">www.farmaceuticas.ufpr.br<\/a>, onde se encontram tamb\u00e9m o Edital e todas as informa\u00e7\u00f5es necess\u00e1rias. A Prova de Sele\u00e7\u00e3o ser\u00e1 dia 05 de dezembro de 2016 das 08:30 as 18:00 horas.<\/p>\n\n\n\n<p><\/p>\n","protected":false},"excerpt":{"rendered":"<p>PROCESSO SELETIVO PARA O MESTRADO DO PROGRAMA DE P\u00d3S-GRADUA\u00c7\u00c3O EM CI\u00caNCIAS FARMAC\u00caUTICAS Est\u00e1 aberto o Processo Seletivo para Mestrado (Turma 2017) do Programa de P\u00f3s-Gradua\u00e7\u00e3o em Ci\u00eancias Farmac\u00eauticas da UFPR. O per\u00edodo de inscri\u00e7\u00e3o ser\u00e1 do dia 01 de outubro at\u00e9 04 de dezembro de 2016, exclusivamente por meio de formul\u00e1rio eletr\u00f4nico dispon\u00edvel no site&nbsp;www.farmaceuticas.ufpr.br, [&hellip;]<\/p>\n","protected":false},"author":15,"featured_media":0,"comment_status":"open","ping_status":"open","sticky":false,"template":"","format":"standard","meta":{"footnotes":""},"categories":[381,386],"tags":[],"class_list":["post-13755","post","type-post","status-publish","format-standard","hentry","category-editais-e-processos-seletivos","category-mestrado-e-doutorado"],"_links":{"self":[{"href":"https:\/\/ufpr.br\/propg\/wp-json\/wp\/v2\/posts\/13755","targetHints":{"allow":["GET"]}}],"collection":[{"href":"https:\/\/ufpr.br\/propg\/wp-json\/wp\/v2\/posts"}],"about":[{"href":"https:\/\/ufpr.br\/propg\/wp-json\/wp\/v2\/types\/post"}],"author":[{"embeddable":true,"href":"https:\/\/ufpr.br\/propg\/wp-json\/wp\/v2\/users\/15"}],"replies":[{"embeddable":true,"href":"https:\/\/ufpr.br\/propg\/wp-json\/wp\/v2\/comments?post=13755"}],"version-history":[{"count":3,"href":"https:\/\/ufpr.br\/propg\/wp-json\/wp\/v2\/posts\/13755\/revisions"}],"predecessor-version":[{"id":18229,"href":"https:\/\/ufpr.br\/propg\/wp-json\/wp\/v2\/posts\/13755\/revisions\/18229"}],"wp:attachment":[{"href":"https:\/\/ufpr.br\/propg\/wp-json\/wp\/v2\/media?parent=13755"}],"wp:term":[{"taxonomy":"category","embeddable":true,"href":"https:\/\/ufpr.br\/propg\/wp-json\/wp\/v2\/categories?post=13755"},{"taxonomy":"post_tag","embeddable":true,"href":"https:\/\/ufpr.br\/propg\/wp-json\/wp\/v2\/tags?post=13755"}],"curies":[{"name":"wp","href":"https:\/\/api.w.org\/{rel}","templated":true}]}}