{"id":13752,"date":"2016-09-14T12:54:39","date_gmt":"2016-09-14T15:54:39","guid":{"rendered":"https:\/\/ufpr.br\/processo-seletivo-para-o-mestrado-da-pos-graduacao-em-tocoginecologia"},"modified":"2025-11-28T13:55:38","modified_gmt":"2025-11-28T16:55:38","slug":"processo-seletivo-para-o-mestrado-da-pos-graduacao-em-tocoginecologia","status":"publish","type":"post","link":"https:\/\/ufpr.br\/propg\/processo-seletivo-para-o-mestrado-da-pos-graduacao-em-tocoginecologia\/","title":{"rendered":"PROCESSO SELETIVO PARA O MESTRADO DA P\u00d3S-GRADUA\u00c7\u00c3O EM TOCOGINECOLOGIA"},"content":{"rendered":"\n<p>Est\u00e1 aberto o Processo Seletivo para a Turma 2017 do programa de mestrado da P\u00f3s-Gradua\u00e7\u00e3o em Tocoginecologia da UFPR.<\/p>\n\n\n\n<p>O per\u00edodo de inscri\u00e7\u00e3o ser\u00e1 do dia 19 de setembro at\u00e9 11 de novembro de 2016, exclusivamente por meio de formul\u00e1rio eletr\u00f4nico dispon\u00edvel no site <a href=\"http:\/\/www.pgtoco.ufpr.br\/\" target=\"_blank\" rel=\"noopener\">www.pgtoco.ufpr.br<\/a>.<\/p>\n\n\n\n<p>Para maiores informa\u00e7\u00f5es, acessem o Edital 002\/2016 dispon\u00edvel em <a href=\"http:\/\/www.pgtoco.ufpr.br\/\" target=\"_blank\" rel=\"noopener\">www.pgtoco.ufpr.br<\/a>.<\/p>\n\n\n\n<p><\/p>\n","protected":false},"excerpt":{"rendered":"<p>Est\u00e1 aberto o Processo Seletivo para a Turma 2017 do programa de mestrado da P\u00f3s-Gradua\u00e7\u00e3o em Tocoginecologia da UFPR. O per\u00edodo de inscri\u00e7\u00e3o ser\u00e1 do dia 19 de setembro at\u00e9 11 de novembro de 2016, exclusivamente por meio de formul\u00e1rio eletr\u00f4nico dispon\u00edvel no site www.pgtoco.ufpr.br. Para maiores informa\u00e7\u00f5es, acessem o Edital 002\/2016 dispon\u00edvel em www.pgtoco.ufpr.br.<\/p>\n","protected":false},"author":15,"featured_media":0,"comment_status":"open","ping_status":"open","sticky":false,"template":"","format":"standard","meta":{"footnotes":""},"categories":[381,386],"tags":[],"class_list":["post-13752","post","type-post","status-publish","format-standard","hentry","category-editais-e-processos-seletivos","category-mestrado-e-doutorado"],"_links":{"self":[{"href":"https:\/\/ufpr.br\/propg\/wp-json\/wp\/v2\/posts\/13752","targetHints":{"allow":["GET"]}}],"collection":[{"href":"https:\/\/ufpr.br\/propg\/wp-json\/wp\/v2\/posts"}],"about":[{"href":"https:\/\/ufpr.br\/propg\/wp-json\/wp\/v2\/types\/post"}],"author":[{"embeddable":true,"href":"https:\/\/ufpr.br\/propg\/wp-json\/wp\/v2\/users\/15"}],"replies":[{"embeddable":true,"href":"https:\/\/ufpr.br\/propg\/wp-json\/wp\/v2\/comments?post=13752"}],"version-history":[{"count":3,"href":"https:\/\/ufpr.br\/propg\/wp-json\/wp\/v2\/posts\/13752\/revisions"}],"predecessor-version":[{"id":18216,"href":"https:\/\/ufpr.br\/propg\/wp-json\/wp\/v2\/posts\/13752\/revisions\/18216"}],"wp:attachment":[{"href":"https:\/\/ufpr.br\/propg\/wp-json\/wp\/v2\/media?parent=13752"}],"wp:term":[{"taxonomy":"category","embeddable":true,"href":"https:\/\/ufpr.br\/propg\/wp-json\/wp\/v2\/categories?post=13752"},{"taxonomy":"post_tag","embeddable":true,"href":"https:\/\/ufpr.br\/propg\/wp-json\/wp\/v2\/tags?post=13752"}],"curies":[{"name":"wp","href":"https:\/\/api.w.org\/{rel}","templated":true}]}}