{"id":13398,"date":"2022-08-18T12:20:48","date_gmt":"2022-08-18T15:20:48","guid":{"rendered":"https:\/\/ufpr.br\/capes-programas-avaliados-em-3-ou-4-podem-apresentar-proposta-de-melhoria"},"modified":"2025-12-02T09:04:33","modified_gmt":"2025-12-02T12:04:33","slug":"capes-programas-avaliados-em-3-ou-4-podem-apresentar-proposta-de-melhoria","status":"publish","type":"post","link":"https:\/\/ufpr.br\/propg\/capes-programas-avaliados-em-3-ou-4-podem-apresentar-proposta-de-melhoria\/","title":{"rendered":"[CAPES] Programas avaliados em 3 ou 4 podem apresentar proposta de melhoria"},"content":{"rendered":"\n<p><span style=\"font-size: revert; color: initial;\">Coordenadores de programas de p\u00f3s-gradua\u00e7\u00e3o (PPG) que funcionaram por, no m\u00ednimo, tr\u00eas anos \u2013 no per\u00edodo de 2013 a 2016 \u2013 e obtiveram notas 3 ou 4 na Avalia\u00e7\u00e3o Quadrienal 2017, t\u00eam at\u00e9 30 de setembro para enviar seus planos de melhoria de desempenho. As propostas devem ser feitas pelo Sistema de Controle de Bolsas e Aux\u00edlios (<\/span><a href=\"https:\/\/scba.capes.gov.br\/\" target=\"_blank\" rel=\"noreferrer noopener\">SCBA<\/a><span style=\"font-size: revert; color: initial;\">). Este \u00e9 um pr\u00e9-requisito para participar do\u00a0<\/span><a href=\"https:\/\/www.gov.br\/capes\/pt-br\/acesso-a-informacao\/acoes-e-programas\/bolsas\/programas-estrategicos\/desenvolvimento-regional\/programa-de-desenvolvimento-da-pos-graduacao-estrategico-de-consolidacao-dos-programas-de-pos-graduacao-stricto-sensu-academicos\" target=\"_blank\" rel=\"noreferrer noopener\">Programa de Desenvolvimento da P\u00f3s-Gradua\u00e7\u00e3o (PDPG) Emergencial de Consolida\u00e7\u00e3o Estrat\u00e9gica dos Programas de P\u00f3s-Gradua\u00e7\u00e3o\u00a0<i>Stricto Sensu\u00a0<\/i>Acad\u00eamicos<\/a><span style=\"font-size: revert; color: initial;\">.<\/span><\/p>\n\n\n\n<p>Os PPG que se interessarem em participar ter\u00e3o direito a duas bolsas. A inten\u00e7\u00e3o \u00e9 que sejam fortalecidos pela forma\u00e7\u00e3o de pessoal de alto n\u00edvel. O documento anexado ao SCBA dever\u00e1 trazer a estrat\u00e9gia do programa para atingir esse objetivo. As informa\u00e7\u00f5es constam na\u00a0<a href=\"http:\/\/cad.capes.gov.br\/ato-administrativo-detalhar?idAtoAdmElastic=9322#anchor\" target=\"_blank\" rel=\"noreferrer noopener\">Portaria n\u00ba 155\/2022<\/a>, publicada na edi\u00e7\u00e3o de sexta-feira, 12 de agosto, do Di\u00e1rio Oficial da Uni\u00e3o e dispon\u00edvel no\u00a0<em>site<\/em>\u00a0da CAPES.<\/p>\n\n\n\n<p>Ao todo 1.813 cursos de p\u00f3s-gradua\u00e7\u00e3o poder\u00e3o participar. Ser\u00e3o concedidas 3.626 bolsas \u2014 2.260 de doutorado e 1.366 de mestrado. Desses, 762 est\u00e3o no Centro-Oeste, Nordeste e Norte. Oitenta e oito institui\u00e7\u00f5es dessas tr\u00eas regi\u00f5es poder\u00e3o ser atendidas. S\u00e3o 288 em todo o Pa\u00eds. O investimento total estimado \u00e9 de R$328,5 milh\u00f5es. Caso o PPG s\u00f3 ofere\u00e7a curso de mestrado, as bolsas ser\u00e3o desse n\u00edvel, com at\u00e9 24 meses de dura\u00e7\u00e3o. Se ofertar doutorado, ser\u00e3o para doutoramento, com limite de 36 meses. O in\u00edcio da vig\u00eancia se dar\u00e1 entre 1\u00ba de novembro deste ano e 10 de mar\u00e7o de 2023.<\/p>\n\n\n\n<p>Tamb\u00e9m haver\u00e1 R$50 mil em recursos de custeio por PPG para apoiar atividades acad\u00eamico-cient\u00edficas relacionadas \u00e0 forma\u00e7\u00e3o. Para receber o Aux\u00edlio Financeiro a Projeto Educacional ou de Pesquisa (Auxpe), recurso para a execu\u00e7\u00e3o do projeto, \u00e9 preciso ser \u00a0cadastrado como\u00a0<a href=\"https:\/\/www.gov.br\/capes\/pt-br\/acesso-a-informacao\/sei\/usuario-externo\" target=\"_blank\" rel=\"noreferrer noopener\">usu\u00e1rio externo no Sistema Eletr\u00f4nico de Informa\u00e7\u00f5es (SEI)<\/a>\u00a0at\u00e9 9 de setembro.<\/p>\n\n\n\n<p>O prazo para pedido e assinatura do aux\u00edlio vai at\u00e9 o pr\u00f3ximo dia 30 de setembro e deve ser assinado pelo coordenador do programa e pelo reitor ou pr\u00f3-reitor da institui\u00e7\u00e3o. A an\u00e1lise ser\u00e1 feita individualmente pela CAPES at\u00e9 31 de outubro.<\/p>\n\n\n\n<p>Para mais informa\u00e7\u00f5es, contate:\u00a0<a href=\"mailto:pdpg.consolidacao@capes.gov.br\" target=\"_blank\" rel=\"noreferrer noopener\">pdpg.consolidacao@capes.gov.br<\/a>.<\/p>\n\n\n\n<p>Legenda das imagens:<br>Imagem dentro mat\u00e9ria: Imagem ilustrativa&nbsp;(Foto: iStock)<\/p>\n\n\n\n<p><em>A Coor<\/em><em>de<\/em><em>na\u00e7\u00e3o&nbsp;<\/em><em>de<\/em><em>&nbsp;Aperfei\u00e7oamento&nbsp;<\/em><em>de<\/em><em>&nbsp;Pessoal&nbsp;<\/em><em>de<\/em><em>&nbsp;N\u00edvel Superior (CAPES) \u00e9 um \u00f3rg\u00e3o vinculado ao Minist\u00e9rio da Educa\u00e7\u00e3o (MEC)<\/em><em><br>(Bras\u00edlia \u2013 Reda\u00e7\u00e3o CCS\/CAPES)<br>A reprodu\u00e7\u00e3o das not\u00edcias \u00e9 autorizada&nbsp;<\/em><em>de<\/em><em>s<\/em><em>de<\/em><em>&nbsp;que contenha a assinatura CCS\/CAPES<\/em><\/p>\n\n\n\n<p>Fonte: <a href=\"https:\/\/www.gov.br\/capes\/pt-br\/assuntos\/noticias\/programas-avaliados-em-3-ou-4-podem-apresentar-proposta-de-melhoria\" target=\"_blank\" rel=\"noreferrer noopener\">https:\/\/www.gov.br\/capes\/pt-br\/assuntos\/noticias\/programas-avaliados-em-3-ou-4-podem-apresentar-proposta-de-melhoria<\/a><\/p>\n","protected":false},"excerpt":{"rendered":"<p>Coordenadores de programas de p\u00f3s-gradua\u00e7\u00e3o (PPG) que funcionaram por, no m\u00ednimo, tr\u00eas anos \u2013 no per\u00edodo de 2013 a 2016 \u2013 e obtiveram notas 3 ou 4 na Avalia\u00e7\u00e3o Quadrienal 2017, t\u00eam at\u00e9 30 de setembro para enviar seus planos de melhoria de desempenho. As propostas devem ser feitas pelo Sistema de Controle de Bolsas [&hellip;]<\/p>\n","protected":false},"author":16,"featured_media":0,"comment_status":"open","ping_status":"open","sticky":false,"template":"","format":"standard","meta":{"footnotes":""},"categories":[386],"tags":[],"class_list":["post-13398","post","type-post","status-publish","format-standard","hentry","category-mestrado-e-doutorado"],"_links":{"self":[{"href":"https:\/\/ufpr.br\/propg\/wp-json\/wp\/v2\/posts\/13398","targetHints":{"allow":["GET"]}}],"collection":[{"href":"https:\/\/ufpr.br\/propg\/wp-json\/wp\/v2\/posts"}],"about":[{"href":"https:\/\/ufpr.br\/propg\/wp-json\/wp\/v2\/types\/post"}],"author":[{"embeddable":true,"href":"https:\/\/ufpr.br\/propg\/wp-json\/wp\/v2\/users\/16"}],"replies":[{"embeddable":true,"href":"https:\/\/ufpr.br\/propg\/wp-json\/wp\/v2\/comments?post=13398"}],"version-history":[{"count":7,"href":"https:\/\/ufpr.br\/propg\/wp-json\/wp\/v2\/posts\/13398\/revisions"}],"predecessor-version":[{"id":19056,"href":"https:\/\/ufpr.br\/propg\/wp-json\/wp\/v2\/posts\/13398\/revisions\/19056"}],"wp:attachment":[{"href":"https:\/\/ufpr.br\/propg\/wp-json\/wp\/v2\/media?parent=13398"}],"wp:term":[{"taxonomy":"category","embeddable":true,"href":"https:\/\/ufpr.br\/propg\/wp-json\/wp\/v2\/categories?post=13398"},{"taxonomy":"post_tag","embeddable":true,"href":"https:\/\/ufpr.br\/propg\/wp-json\/wp\/v2\/tags?post=13398"}],"curies":[{"name":"wp","href":"https:\/\/api.w.org\/{rel}","templated":true}]}}