{"id":13377,"date":"2022-08-17T12:33:11","date_gmt":"2022-08-17T15:33:11","guid":{"rendered":"https:\/\/ufpr.br\/processo-seletivo-mestrado-e-doutorado-em-geografia-2"},"modified":"2025-12-02T09:04:40","modified_gmt":"2025-12-02T12:04:40","slug":"processo-seletivo-mestrado-e-doutorado-em-geografia-2","status":"publish","type":"post","link":"https:\/\/ufpr.br\/propg\/processo-seletivo-mestrado-e-doutorado-em-geografia-2\/","title":{"rendered":"[Processo Seletivo] Mestrado e Doutorado em Geografia"},"content":{"rendered":"\n<p><span style=\"color: #000000;\">Est\u00e1 aberto o processo seletivo para mestrado e doutorado em <strong>Geografia<\/strong> para in\u00edcio em&nbsp;&nbsp;2023. As inscri\u00e7\u00f5es ser\u00e3o&nbsp; realizadas de <strong>01 a 30 de setembro<\/strong>&nbsp;de 2022.<\/span><\/p>\n\n\n\n<p><span style=\"color: #000000;\">Confira o edital e todas as informa\u00e7\u00f5es sobre o processo seletivo na p\u00e1gina do programa: <a href=\"https:\/\/www.prppg.ufpr.br\/site\/ppggeografia\/pb\/processo-seletivo\" target=\"_blank\" rel=\"noreferrer noopener\">www.prppg.ufpr.br\/site\/ppggeografia\/pb\/processo-seletivo<\/a><\/span><\/p>\n\n\n<div class=\"wp-block-image\">\n<figure class=\"aligncenter size-full is-resized\"><a href=\"https:\/\/www.prppg.ufpr.br\/site\/ppggeografia\/pb\/processo-seletivo\/\" target=\"_blank\" rel=\" noreferrer noopener\"><img decoding=\"async\" src=\"https:\/\/ufpr.br\/propg\/wp-content\/uploads\/2022\/08\/processo-seletivo.png\" alt=\"\" class=\"wp-image-35171\" style=\"width:500px\"\/><\/a><\/figure><\/div>\n\n\n<p><\/p>\n","protected":false},"excerpt":{"rendered":"<p>Est\u00e1 aberto o processo seletivo para mestrado e doutorado em Geografia para in\u00edcio em&nbsp;&nbsp;2023. As inscri\u00e7\u00f5es ser\u00e3o&nbsp; realizadas de 01 a 30 de setembro&nbsp;de 2022. Confira o edital e todas as informa\u00e7\u00f5es sobre o processo seletivo na p\u00e1gina do programa: www.prppg.ufpr.br\/site\/ppggeografia\/pb\/processo-seletivo<\/p>\n","protected":false},"author":16,"featured_media":0,"comment_status":"open","ping_status":"open","sticky":false,"template":"","format":"standard","meta":{"footnotes":""},"categories":[381,386],"tags":[],"class_list":["post-13377","post","type-post","status-publish","format-standard","hentry","category-editais-e-processos-seletivos","category-mestrado-e-doutorado"],"_links":{"self":[{"href":"https:\/\/ufpr.br\/propg\/wp-json\/wp\/v2\/posts\/13377","targetHints":{"allow":["GET"]}}],"collection":[{"href":"https:\/\/ufpr.br\/propg\/wp-json\/wp\/v2\/posts"}],"about":[{"href":"https:\/\/ufpr.br\/propg\/wp-json\/wp\/v2\/types\/post"}],"author":[{"embeddable":true,"href":"https:\/\/ufpr.br\/propg\/wp-json\/wp\/v2\/users\/16"}],"replies":[{"embeddable":true,"href":"https:\/\/ufpr.br\/propg\/wp-json\/wp\/v2\/comments?post=13377"}],"version-history":[{"count":6,"href":"https:\/\/ufpr.br\/propg\/wp-json\/wp\/v2\/posts\/13377\/revisions"}],"predecessor-version":[{"id":19059,"href":"https:\/\/ufpr.br\/propg\/wp-json\/wp\/v2\/posts\/13377\/revisions\/19059"}],"wp:attachment":[{"href":"https:\/\/ufpr.br\/propg\/wp-json\/wp\/v2\/media?parent=13377"}],"wp:term":[{"taxonomy":"category","embeddable":true,"href":"https:\/\/ufpr.br\/propg\/wp-json\/wp\/v2\/categories?post=13377"},{"taxonomy":"post_tag","embeddable":true,"href":"https:\/\/ufpr.br\/propg\/wp-json\/wp\/v2\/tags?post=13377"}],"curies":[{"name":"wp","href":"https:\/\/api.w.org\/{rel}","templated":true}]}}