{"id":13263,"date":"2022-08-08T08:28:04","date_gmt":"2022-08-08T11:28:04","guid":{"rendered":"https:\/\/ufpr.br\/convite-comemoracao-de-50-anos-do-programa-de-pos-graduacao-em-historia-23-a-25-de-agosto"},"modified":"2025-12-02T09:04:58","modified_gmt":"2025-12-02T12:04:58","slug":"convite-comemoracao-de-50-anos-do-programa-de-pos-graduacao-em-historia-23-a-25-de-agosto","status":"publish","type":"post","link":"https:\/\/ufpr.br\/propg\/convite-comemoracao-de-50-anos-do-programa-de-pos-graduacao-em-historia-23-a-25-de-agosto\/","title":{"rendered":"[Convite] Comemora\u00e7\u00e3o de 50 anos do Programa de P\u00f3s-gradua\u00e7\u00e3o em Hist\u00f3ria: 23 a 25 de agosto"},"content":{"rendered":"\n<p>o Programa de P\u00f3s-gradua\u00e7\u00e3o em Hist\u00f3ria da Universidade Federal do Paran\u00e1 comemora 50 anos do curso do mestrado e 40 anos do curso do doutorado e convida para as comemora\u00e7\u00f5es a serem realizadas nos dias 23, 24 e 25 de agosto de 2022.<\/p>\n\n\n\n<p>Mais informa\u00e7\u00f5es em: <a href=\"https:\/\/www.prppg.ufpr.br\/site\/ppghis\/pb\/\" target=\"_blank\" rel=\"noreferrer noopener\">www.prppg.ufpr.br\/site\/ppghis<\/a><\/p>\n\n\n<div class=\"wp-block-image\">\n<figure class=\"aligncenter size-large\"><a href=\"https:\/\/ufpr.br\/propg\/wp-content\/uploads\/2022\/08\/photo-2022-08-10-22-09-44.jpg\" target=\"_blank\" rel=\" noreferrer noopener\"><img decoding=\"async\" src=\"https:\/\/ufpr.br\/propg\/wp-content\/uploads\/2022\/08\/photo-2022-08-10-22-09-44-724x1024.jpg\" alt=\"\" class=\"wp-image-35146\"\/><\/a><\/figure><\/div>\n\n\n<p>&nbsp;<\/p>\n\n\n<div class=\"wp-block-image\">\n<figure class=\"aligncenter size-large\"><a href=\"https:\/\/www.prppg.ufpr.br\/site\/ppghis\/pb\/2022\/08\/04\/o-programa-de-pos-graduacao-em-historia-da-universidade-federal-do-parana-comemora-50-anos-do-curso-do-doutorado-e-40-anos-do-curso-do-mestrado-convidamos-todos-e-todas-para-as-comemoracoes-a-serem-r\/\"><img decoding=\"async\" src=\"https:\/\/ufpr.br\/propg\/wp-content\/uploads\/2022\/08\/site-ppg-1024x353.jpg\" alt=\"\" class=\"wp-image-35148\"\/><\/a><\/figure><\/div>\n\n\n<p><\/p>\n","protected":false},"excerpt":{"rendered":"<p>o Programa de P\u00f3s-gradua\u00e7\u00e3o em Hist\u00f3ria da Universidade Federal do Paran\u00e1 comemora 50 anos do curso do mestrado e 40 anos do curso do doutorado e convida para as comemora\u00e7\u00f5es a serem realizadas nos dias 23, 24 e 25 de agosto de 2022. Mais informa\u00e7\u00f5es em: www.prppg.ufpr.br\/site\/ppghis &nbsp;<\/p>\n","protected":false},"author":16,"featured_media":0,"comment_status":"open","ping_status":"open","sticky":false,"template":"","format":"standard","meta":{"footnotes":""},"categories":[386],"tags":[],"class_list":["post-13263","post","type-post","status-publish","format-standard","hentry","category-mestrado-e-doutorado"],"_links":{"self":[{"href":"https:\/\/ufpr.br\/propg\/wp-json\/wp\/v2\/posts\/13263","targetHints":{"allow":["GET"]}}],"collection":[{"href":"https:\/\/ufpr.br\/propg\/wp-json\/wp\/v2\/posts"}],"about":[{"href":"https:\/\/ufpr.br\/propg\/wp-json\/wp\/v2\/types\/post"}],"author":[{"embeddable":true,"href":"https:\/\/ufpr.br\/propg\/wp-json\/wp\/v2\/users\/16"}],"replies":[{"embeddable":true,"href":"https:\/\/ufpr.br\/propg\/wp-json\/wp\/v2\/comments?post=13263"}],"version-history":[{"count":5,"href":"https:\/\/ufpr.br\/propg\/wp-json\/wp\/v2\/posts\/13263\/revisions"}],"predecessor-version":[{"id":19063,"href":"https:\/\/ufpr.br\/propg\/wp-json\/wp\/v2\/posts\/13263\/revisions\/19063"}],"wp:attachment":[{"href":"https:\/\/ufpr.br\/propg\/wp-json\/wp\/v2\/media?parent=13263"}],"wp:term":[{"taxonomy":"category","embeddable":true,"href":"https:\/\/ufpr.br\/propg\/wp-json\/wp\/v2\/categories?post=13263"},{"taxonomy":"post_tag","embeddable":true,"href":"https:\/\/ufpr.br\/propg\/wp-json\/wp\/v2\/tags?post=13263"}],"curies":[{"name":"wp","href":"https:\/\/api.w.org\/{rel}","templated":true}]}}